{"id":15871,"date":"2017-06-30T16:25:37","date_gmt":"2017-06-30T16:25:37","guid":{"rendered":"http:\/\/blog.kaliop.com\/?p=15871"},"modified":"2020-05-18T12:09:34","modified_gmt":"2020-05-18T12:09:34","slug":"agile-france-2017-grand-bol-dair","status":"publish","type":"post","link":"https:\/\/www.kaliop.com\/fr\/agile-france-2017-grand-bol-dair\/","title":{"rendered":"Agile France 2017 : un grand bol d\u2019air"},"content":{"rendered":"<p><a href=\"https:\/\/www.kaliop.com\/\/app\/blog-uploads\/2017\/06\/agile-france-612x353.png\"><img loading=\"lazy\" class=\"alignleft size-thumbnail wp-image-15872\" src=\"https:\/\/www.kaliop.com\/\/app\/blog-uploads\/2017\/06\/agile-france-612x353-150x150.png\" alt=\"agile-france-612x353\" width=\"150\" height=\"150\" \/><\/a>Les 15 et 16 juin 2017, j\u2019\u00e9tais \u00e0 la 12\u00e8me \u00e9dition d\u2019<a href=\"http:\/\/2017.conf.agile-france.org\/\">Agile France<\/a>, pour donner un talk sur le cargo cult agile.<\/p>\n<blockquote><p>Agile France, c\u2019est une conf\u00e9rence atypique dans l\u2019\u00e9cosyst\u00e8me des \u00e9v\u00e8nements agiles. Je vous fais visiter ?<\/p><\/blockquote>\n<h2>Agile France, k\u00e9zako ?<\/h2>\n<p>Agile France, c\u2019est une conf\u00e9rence autour de l\u2019agilit\u00e9. Chaque ann\u00e9e, Agile France accueille environ 300 participants dans un cadre privil\u00e9gi\u00e9 : le Chalet de la Porte Jaune, \u00e0 Vincennes.<\/p>\n<p><a href=\"https:\/\/www.kaliop.com\/\/app\/blog-uploads\/2017\/06\/0000608347_920x572.jpg\"><img loading=\"lazy\" class=\"aligncenter wp-image-15873 \" src=\"https:\/\/www.kaliop.com\/\/app\/blog-uploads\/2017\/06\/0000608347_920x572.jpg\" alt=\"0000608347_920x572\" width=\"603\" height=\"401\" \/><\/a><\/p>\n<p style=\"text-align: center;\">\u00a9 Bedouk<\/p>\n<p>En plus, cette ann\u00e9e, le soleil \u00e9tait de la partie !<br \/>\nAgile France a ses sp\u00e9cificit\u00e9s. C\u2019est une conf\u00e9rence :<\/p>\n<ul>\n<li>sans aucun sponsor<\/li>\n<li>qui promeut la <strong>bienveillance<\/strong> : tous les participants et orateurs signent la <a href=\"http:\/\/2017.conf.agile-france.org\/charte.html\">charte d\u2019Agile France <\/a>avant de venir<\/li>\n<li>qui encourage la <strong>solidarit\u00e9<\/strong> en permettant \u00e0 tous de financer des billets solidaires, afin que les personnes motiv\u00e9es ne renoncent pas \u00e0 venir faute de moyens<\/li>\n<li>avec des <strong>formats vari\u00e9s<\/strong> : retours d\u2019exp\u00e9rience, jeux agiles, ateliers, talks, quickies, et une apr\u00e8s-midi enti\u00e8re de forum ouvert (j\u2019y reviens dans quelques instants)<\/li>\n<li>et des <a href=\"http:\/\/lanyrd.com\/2017\/agilefrance\/schedule\/\">sujets vari\u00e9s<\/a> : d\u2019entreprise agile aux bonnes pratiques de code, du lean, du Kanban, mais aussi des passerelles vers d\u2019autres domaines que l\u2019informatique (par exemple la p\u00e9dagogie Montessori), et pour tous les niveaux, d<strong>e l\u2019agiliste d\u00e9butant au baroudeur de l\u2019agilit\u00e9<\/strong>.<\/li>\n<\/ul>\n<h2>Un lieu d\u2019\u00e9change<\/h2>\n<p>Les organisateurs d\u2019Agile France ont compris qu\u2019une conf\u00e9rence agile, c\u2019est <strong>un moment d\u2019\u00e9change et de partage<\/strong>. Ils laissent donc l\u2019espace et le temps n\u00e9cessaire pour cela :<\/p>\n<ul>\n<li>des petits salons d\u2019ext\u00e9rieur cosy, o\u00f9 l\u2019on peut se poser pour discuter avec les amis de la communaut\u00e9 qu\u2019on n\u2019a pas vu depuis la derni\u00e8re conf\u00e9rence, tout en profitant du soleil<\/li>\n<li>des pauses cons\u00e9quentes<\/li>\n<li>et surtout, une demie-journ\u00e9e compl\u00e8te de forum ouvert<\/li>\n<\/ul>\n<blockquote><p>C\u2019est d\u2019ailleurs la conf\u00e9rence o\u00f9 j\u2019ai vu fonctionner le plus efficacement le format de forum ouvert.<\/p><\/blockquote>\n<h2>Mais c\u2019est quoi, un forum ouvert ?<\/h2>\n<p>Le<a href=\"https:\/\/fr.wikipedia.org\/wiki\/M%C3%A9thodologie_Forum_Ouvert\"> forum ouvert<\/a>, c\u2019est un format d\u2019atelier qui permet \u00e0 un grand nombre de participants de travailler autour d\u2019un th\u00e8me. Les participants vont proposer des sujets de travail, construire l\u2019ordre du jour, animer les sessions\u2026 Le forum ouvert est un format qui se marie bien avec l\u2019agilit\u00e9 car il est bas\u00e9 sur les valeurs d\u2019<strong>auto-organisation<\/strong>, de <strong>bienveillance<\/strong>, de <strong>co-construction<\/strong>, d\u2019<strong>intelligence collective<\/strong>\u2026<br \/>\nA cette occasion, <a href=\"https:\/\/twitter.com\/ramuncho\">Jean-Pierre Bonnafous<\/a> avait scrib\u00e9 de magnifiques posters pour expliquer les r\u00e8gles du forum ouvert.<\/p>\n<p><a href=\"https:\/\/www.kaliop.com\/\/app\/blog-uploads\/2017\/06\/DCXTbh2WAAA7B2a.jpg\"><img loading=\"lazy\" class=\"aligncenter wp-image-15874 size-large\" src=\"https:\/\/www.kaliop.com\/\/app\/blog-uploads\/2017\/06\/DCXTbh2WAAA7B2a-1024x741.jpg\" alt=\"DCXTbh2WAAA7B2a\" width=\"622\" height=\"450\" \/><\/a><br \/>\nDans le cadre du forum ouvert d\u2019Agile France 2017, j\u2019ai anim\u00e9 une <a href=\"https:\/\/twitter.com\/EmilieEsposito\/status\/875381169881329664\">discussion <\/a>sur la <a href=\"https:\/\/emmaclit.com\/2017\/05\/09\/repartition-des-taches-hommes-femmes\/\">charge mentale<\/a>, et le moins qu\u2019on puisse dire, c\u2019est que c\u2019est un sujet qui passionne ! Au point que la discussion s\u2019est poursuivie le lendemain matin, en petit comit\u00e9 \ud83d\ude42<\/p>\n<h2>Bilan<\/h2>\n<p>Agile France 2017, j\u2019ai kiff\u00e9 ! J\u2019ai particuli\u00e8rement aim\u00e9 :<\/p>\n<ul>\n<li>le fait de revoir et de pouvoir discuter avec mes amis agilistes parisiens<\/li>\n<li>les warm up d\u00e9jant\u00e9s de <a href=\"https:\/\/www.linkedin.com\/in\/julienporot\/\">Julien Porot<\/a><\/li>\n<li>la session d\u2019<a href=\"https:\/\/twitter.com\/agabrillagues\">Anne Gabrillagues<\/a> sur le <a href=\"http:\/\/lanyrd.com\/2017\/agilefrance\/schedule\/\">Popcorn Flow<\/a>, qui m\u2019a permis de d\u00e9couvrir cet outil d\u2019am\u00e9lioration continue, un peu plus riche que PDCA<\/li>\n<li>l\u2019effervescence du forum ouvert<\/li>\n<li>le soleil (c\u2019est pas si fr\u00e9quent \u00e0 Paris :-p)<\/li>\n<\/ul>\n<blockquote><p>A l\u2019ann\u00e9e prochaine !<\/p><\/blockquote>\n","protected":false},"excerpt":{"rendered":"<p>Les 15 et 16 juin 2017, j\u2019\u00e9tais \u00e0 la 12\u00e8me \u00e9dition d\u2019Agile France, pour donner un talk sur le cargo cult agile. Agile France, c\u2019est une conf\u00e9rence atypique dans l\u2019\u00e9cosyst\u00e8me des \u00e9v\u00e8nements agiles. Je vous fais visiter ? Agile France, k\u00e9zako ? Agile France, c\u2019est une conf\u00e9rence autour de l\u2019agilit\u00e9. Chaque ann\u00e9e, Agile France accueille [&hellip;]<\/p>\n","protected":false},"author":33,"featured_media":17620,"comment_status":"open","ping_status":"open","sticky":false,"template":"","format":"standard","meta":{"content-type":"","inline_featured_image":false},"categories":[1],"tags":[],"yoast_head":"<!-- This site is optimized with the Yoast SEO plugin v19.8 - https:\/\/yoast.com\/wordpress\/plugins\/seo\/ -->\n<title>Le cargo cult agile \u00e0 Agile France : mon retour sur l&#039;\u00e9v\u00e9nement - Blog<\/title>\n<meta name=\"description\" content=\"Agile France accueille chaque ann\u00e9e environ 300 participants pour discuter agilit\u00e9. C&#039;est une conf\u00e9rence atypique autour des valeurs d\u2019auto-organisation, de bienveillance, de co-construction, ou encore d\u2019intelligence collective.\" \/>\n<meta name=\"robots\" content=\"index, follow, max-snippet:-1, max-image-preview:large, max-video-preview:-1\" \/>\n<link rel=\"canonical\" href=\"https:\/\/www.kaliop.com\/fr\/agile-france-2017-grand-bol-dair\/\" \/>\n<meta property=\"og:locale\" content=\"fr_FR\" \/>\n<meta property=\"og:type\" content=\"article\" \/>\n<meta property=\"og:title\" content=\"Le cargo cult agile \u00e0 Agile France : mon retour sur l&#039;\u00e9v\u00e9nement - Blog\" \/>\n<meta property=\"og:description\" content=\"Agile France accueille chaque ann\u00e9e environ 300 participants pour discuter agilit\u00e9. C&#039;est une conf\u00e9rence atypique autour des valeurs d\u2019auto-organisation, de bienveillance, de co-construction, ou encore d\u2019intelligence collective.\" \/>\n<meta property=\"og:url\" content=\"https:\/\/www.kaliop.com\/fr\/agile-france-2017-grand-bol-dair\/\" \/>\n<meta property=\"article:published_time\" content=\"2017-06-30T16:25:37+00:00\" \/>\n<meta property=\"article:modified_time\" content=\"2020-05-18T12:09:34+00:00\" \/>\n<meta property=\"og:image\" content=\"https:\/\/www.kaliop.com\/app\/uploads\/2017\/06\/admin-ajax-13.png\" \/>\n\t<meta property=\"og:image:width\" content=\"400\" \/>\n\t<meta property=\"og:image:height\" content=\"231\" \/>\n\t<meta property=\"og:image:type\" content=\"image\/png\" \/>\n<meta name=\"author\" content=\"Emilie Esposito\" \/>\n<meta name=\"twitter:card\" content=\"summary_large_image\" \/>\n<meta name=\"twitter:label1\" content=\"Written by\" \/>\n\t<meta name=\"twitter:data1\" content=\"Emilie Esposito\" \/>\n\t<meta name=\"twitter:label2\" content=\"Est. reading time\" \/>\n\t<meta name=\"twitter:data2\" content=\"3 minutes\" \/>\n<script type=\"application\/ld+json\" class=\"yoast-schema-graph\">{\"@context\":\"https:\/\/schema.org\",\"@graph\":[{\"@type\":\"WebPage\",\"@id\":\"https:\/\/www.kaliop.com\/fr\/agile-france-2017-grand-bol-dair\/\",\"url\":\"https:\/\/www.kaliop.com\/fr\/agile-france-2017-grand-bol-dair\/\",\"name\":\"Le cargo cult agile \u00e0 Agile France : mon retour sur l'\u00e9v\u00e9nement - Blog\",\"isPartOf\":{\"@id\":\"https:\/\/www.kaliop.com\/fr\/#website\"},\"datePublished\":\"2017-06-30T16:25:37+00:00\",\"dateModified\":\"2020-05-18T12:09:34+00:00\",\"author\":{\"@id\":\"https:\/\/www.kaliop.com\/fr\/#\/schema\/person\/d4c82ea922239a713a553e275ace7d13\"},\"description\":\"Agile France accueille chaque ann\u00e9e environ 300 participants pour discuter agilit\u00e9. C'est une conf\u00e9rence atypique autour des valeurs d\u2019auto-organisation, de bienveillance, de co-construction, ou encore d\u2019intelligence collective.\",\"breadcrumb\":{\"@id\":\"https:\/\/www.kaliop.com\/fr\/agile-france-2017-grand-bol-dair\/#breadcrumb\"},\"inLanguage\":\"fr-FR\",\"potentialAction\":[{\"@type\":\"ReadAction\",\"target\":[\"https:\/\/www.kaliop.com\/fr\/agile-france-2017-grand-bol-dair\/\"]}]},{\"@type\":\"BreadcrumbList\",\"@id\":\"https:\/\/www.kaliop.com\/fr\/agile-france-2017-grand-bol-dair\/#breadcrumb\",\"itemListElement\":[{\"@type\":\"ListItem\",\"position\":1,\"name\":\"Home\",\"item\":\"https:\/\/www.kaliop.com\/fr\/\"},{\"@type\":\"ListItem\",\"position\":2,\"name\":\"Agile France 2017 : un grand bol d\u2019air\"}]},{\"@type\":\"WebSite\",\"@id\":\"https:\/\/www.kaliop.com\/fr\/#website\",\"url\":\"https:\/\/www.kaliop.com\/fr\/\",\"name\":\"\",\"description\":\"\",\"potentialAction\":[{\"@type\":\"SearchAction\",\"target\":{\"@type\":\"EntryPoint\",\"urlTemplate\":\"https:\/\/www.kaliop.com\/fr\/?s={search_term_string}\"},\"query-input\":\"required name=search_term_string\"}],\"inLanguage\":\"fr-FR\"},{\"@type\":\"Person\",\"@id\":\"https:\/\/www.kaliop.com\/fr\/#\/schema\/person\/d4c82ea922239a713a553e275ace7d13\",\"name\":\"Emilie Esposito\",\"image\":{\"@type\":\"ImageObject\",\"inLanguage\":\"fr-FR\",\"@id\":\"https:\/\/www.kaliop.com\/fr\/#\/schema\/person\/image\/\",\"url\":\"https:\/\/www.kaliop.com\/app\/uploads\/2017\/09\/eesposito-96x96.jpg\",\"contentUrl\":\"https:\/\/www.kaliop.com\/app\/uploads\/2017\/09\/eesposito-96x96.jpg\",\"caption\":\"Emilie Esposito\"},\"description\":\"[fr]Evang\u00e9lisatrice agile, coach agile, workshop designer, facilitatrice, formatrice, consultante... Les valeurs agiles sont au coeur de son ADN.[\/fr]\"}]}<\/script>\n<!-- \/ Yoast SEO plugin. -->","yoast_head_json":{"title":"Le cargo cult agile \u00e0 Agile France : mon retour sur l'\u00e9v\u00e9nement - Blog","description":"Agile France accueille chaque ann\u00e9e environ 300 participants pour discuter agilit\u00e9. C'est une conf\u00e9rence atypique autour des valeurs d\u2019auto-organisation, de bienveillance, de co-construction, ou encore d\u2019intelligence collective.","robots":{"index":"index","follow":"follow","max-snippet":"max-snippet:-1","max-image-preview":"max-image-preview:large","max-video-preview":"max-video-preview:-1"},"canonical":"https:\/\/www.kaliop.com\/fr\/agile-france-2017-grand-bol-dair\/","og_locale":"fr_FR","og_type":"article","og_title":"Le cargo cult agile \u00e0 Agile France : mon retour sur l'\u00e9v\u00e9nement - Blog","og_description":"Agile France accueille chaque ann\u00e9e environ 300 participants pour discuter agilit\u00e9. C'est une conf\u00e9rence atypique autour des valeurs d\u2019auto-organisation, de bienveillance, de co-construction, ou encore d\u2019intelligence collective.","og_url":"https:\/\/www.kaliop.com\/fr\/agile-france-2017-grand-bol-dair\/","article_published_time":"2017-06-30T16:25:37+00:00","article_modified_time":"2020-05-18T12:09:34+00:00","og_image":[{"width":400,"height":231,"url":"https:\/\/www.kaliop.com\/app\/uploads\/2017\/06\/admin-ajax-13.png","type":"image\/png"}],"author":"Emilie Esposito","twitter_card":"summary_large_image","twitter_misc":{"Written by":"Emilie Esposito","Est. reading time":"3 minutes"},"schema":{"@context":"https:\/\/schema.org","@graph":[{"@type":"WebPage","@id":"https:\/\/www.kaliop.com\/fr\/agile-france-2017-grand-bol-dair\/","url":"https:\/\/www.kaliop.com\/fr\/agile-france-2017-grand-bol-dair\/","name":"Le cargo cult agile \u00e0 Agile France : mon retour sur l'\u00e9v\u00e9nement - Blog","isPartOf":{"@id":"https:\/\/www.kaliop.com\/fr\/#website"},"datePublished":"2017-06-30T16:25:37+00:00","dateModified":"2020-05-18T12:09:34+00:00","author":{"@id":"https:\/\/www.kaliop.com\/fr\/#\/schema\/person\/d4c82ea922239a713a553e275ace7d13"},"description":"Agile France accueille chaque ann\u00e9e environ 300 participants pour discuter agilit\u00e9. C'est une conf\u00e9rence atypique autour des valeurs d\u2019auto-organisation, de bienveillance, de co-construction, ou encore d\u2019intelligence collective.","breadcrumb":{"@id":"https:\/\/www.kaliop.com\/fr\/agile-france-2017-grand-bol-dair\/#breadcrumb"},"inLanguage":"fr-FR","potentialAction":[{"@type":"ReadAction","target":["https:\/\/www.kaliop.com\/fr\/agile-france-2017-grand-bol-dair\/"]}]},{"@type":"BreadcrumbList","@id":"https:\/\/www.kaliop.com\/fr\/agile-france-2017-grand-bol-dair\/#breadcrumb","itemListElement":[{"@type":"ListItem","position":1,"name":"Home","item":"https:\/\/www.kaliop.com\/fr\/"},{"@type":"ListItem","position":2,"name":"Agile France 2017 : un grand bol d\u2019air"}]},{"@type":"WebSite","@id":"https:\/\/www.kaliop.com\/fr\/#website","url":"https:\/\/www.kaliop.com\/fr\/","name":"","description":"","potentialAction":[{"@type":"SearchAction","target":{"@type":"EntryPoint","urlTemplate":"https:\/\/www.kaliop.com\/fr\/?s={search_term_string}"},"query-input":"required name=search_term_string"}],"inLanguage":"fr-FR"},{"@type":"Person","@id":"https:\/\/www.kaliop.com\/fr\/#\/schema\/person\/d4c82ea922239a713a553e275ace7d13","name":"Emilie Esposito","image":{"@type":"ImageObject","inLanguage":"fr-FR","@id":"https:\/\/www.kaliop.com\/fr\/#\/schema\/person\/image\/","url":"https:\/\/www.kaliop.com\/app\/uploads\/2017\/09\/eesposito-96x96.jpg","contentUrl":"https:\/\/www.kaliop.com\/app\/uploads\/2017\/09\/eesposito-96x96.jpg","caption":"Emilie Esposito"},"description":"[fr]Evang\u00e9lisatrice agile, coach agile, workshop designer, facilitatrice, formatrice, consultante... Les valeurs agiles sont au coeur de son ADN.[\/fr]"}]}},"_links":{"self":[{"href":"https:\/\/www.kaliop.com\/fr\/wp-json\/wp\/v2\/posts\/15871"}],"collection":[{"href":"https:\/\/www.kaliop.com\/fr\/wp-json\/wp\/v2\/posts"}],"about":[{"href":"https:\/\/www.kaliop.com\/fr\/wp-json\/wp\/v2\/types\/post"}],"author":[{"embeddable":true,"href":"https:\/\/www.kaliop.com\/fr\/wp-json\/wp\/v2\/users\/33"}],"replies":[{"embeddable":true,"href":"https:\/\/www.kaliop.com\/fr\/wp-json\/wp\/v2\/comments?post=15871"}],"version-history":[{"count":12,"href":"https:\/\/www.kaliop.com\/fr\/wp-json\/wp\/v2\/posts\/15871\/revisions"}],"predecessor-version":[{"id":29008,"href":"https:\/\/www.kaliop.com\/fr\/wp-json\/wp\/v2\/posts\/15871\/revisions\/29008"}],"wp:featuredmedia":[{"embeddable":true,"href":"https:\/\/www.kaliop.com\/fr\/wp-json\/wp\/v2\/media\/17620"}],"wp:attachment":[{"href":"https:\/\/www.kaliop.com\/fr\/wp-json\/wp\/v2\/media?parent=15871"}],"wp:term":[{"taxonomy":"category","embeddable":true,"href":"https:\/\/www.kaliop.com\/fr\/wp-json\/wp\/v2\/categories?post=15871"},{"taxonomy":"post_tag","embeddable":true,"href":"https:\/\/www.kaliop.com\/fr\/wp-json\/wp\/v2\/tags?post=15871"}],"curies":[{"name":"wp","href":"https:\/\/api.w.org\/{rel}","templated":true}]}}