{"id":15896,"date":"2019-05-20T16:22:36","date_gmt":"2019-05-20T16:22:36","guid":{"rendered":"https:\/\/digitalcommerce.kaliop.com\/?p=15896"},"modified":"2020-01-03T16:28:28","modified_gmt":"2020-01-03T16:28:28","slug":"vivatech-2019-un-salon-dedie-a-linnovation-sous-toutes-ses-formes","status":"publish","type":"post","link":"https:\/\/www.kaliop.com\/fr\/vivatech-2019-un-salon-dedie-a-linnovation-sous-toutes-ses-formes\/","title":{"rendered":"Vivatech 2019 : un salon d\u00e9di\u00e9 \u00e0 l&rsquo;innovation sous toutes ses formes"},"content":{"rendered":"<p>[:fr]51 017 m2, 100 000 visiteurs, 2 000 exposants, 150 conf\u00e9rences : les chiffres du salon Vivatech 2019 donnent le tournis, au m\u00eame titre que la visite de ce salon d\u00e9di\u00e9 \u00e0 la technologie sous toutes ses formes.<\/p>\n<p>Nous avons pass\u00e9 une matin\u00e9e \u00e0 explorer les all\u00e9es de Vivatech et avons \u00e9t\u00e9 \u00e9blouis par la cr\u00e9ativit\u00e9, les innovations et les perspectives qu&rsquo;offre la technologie sous toutes ses formes : robotisation, automatisation, IA, phygital, r\u00e9alit\u00e9 virtuelle, objets connect\u00e9s !<\/p>\n<p>Voici un best-off de 9 innovations que nous avons d\u00e9couvert \u00e0 Vivatech :<\/p>\n<h2>Anymal sur le stand EDF<\/h2>\n<p>Une d\u00e9monstration impressionnante d&rsquo;un quadrup\u00e8de robotis\u00e9 de chez Anybotics qui se d\u00e9place de mani\u00e8re fluide et ind\u00e9pendante : les applications sont multiples dans des environnements complexes, dangereux ou difficilement accessibles.<\/p>\n<p><iframe loading=\"lazy\" title=\"Anymal par Anybotics\" width=\"500\" height=\"281\" src=\"https:\/\/www.youtube.com\/embed\/WDZghdOplww?feature=oembed\" frameborder=\"0\" allow=\"accelerometer; autoplay; encrypted-media; gyroscope; picture-in-picture\" allowfullscreen><\/iframe><\/p>\n<h2>La maison connect\u00e9e par Google<\/h2>\n<p>Une visite immersive dans une maison totalement connect\u00e9e, dans laquelle la technologie s&rsquo;inscrit de mani\u00e8re discr\u00e8te au service de l&rsquo;utilisateur \u00e0 travers les commandes vocales de la Google Home (domotique sur les stores, les ampoules), le contr\u00f4le de la temp\u00e9rature via les thermostats Nest, ou bien les contr\u00f4les de la s\u00e9curit\u00e9 connect\u00e9e.<\/p>\n<p><img loading=\"lazy\" class=\"alignnone size-full wp-image-15904\" src=\"https:\/\/digitalcommerce.kaliop.com\/wp-content\/uploads\/2019\/05\/03-google.jpg\" alt=\"\" width=\"781\" height=\"298\" \/><\/p>\n<h2>L&rsquo;incrustation au journal t\u00e9l\u00e9vis\u00e9 par TF1 Labs<\/h2>\n<p>Un stand \u00e9tonnant et interactif puisque l&rsquo;on \u00e9volue sur un fond vert, et en direct un d\u00e9cor de journal t\u00e9l\u00e9vis\u00e9 est incrust\u00e9, avec un d\u00e9cor d&rsquo;arri\u00e8re plan, une table au premier plan avec un reflet du pr\u00e9sentateur.<\/p>\n<p><img loading=\"lazy\" class=\"alignnone size-full wp-image-15903\" src=\"https:\/\/digitalcommerce.kaliop.com\/wp-content\/uploads\/2019\/05\/02-jt.jpg\" alt=\"\" width=\"781\" height=\"590\" \/><\/p>\n<h2>Les \u00e9tiquettes \u00e9cran de SES-IMAGOTAG<\/h2>\n<p>Nous connaissions les \u00e9tiquettes connect\u00e9es qui sont venues remplacer les anciennes \u00e9tiquettes papier. Aujourd&rsquo;hui on franchit une \u00e9tape avec des \u00e9crans connect\u00e9s qui peuvent diffuser tout type de vid\u00e9o. On imagine des recettes, des conseils d&rsquo;utilisation, du cross-selling facilement diffusable \u00e0 travers ces \u00e9crans.<\/p>\n<p><iframe loading=\"lazy\" title=\"Etiquettes \u00e9crans phygital\" width=\"500\" height=\"281\" src=\"https:\/\/www.youtube.com\/embed\/VE_F2M1bVzI?feature=oembed\" frameborder=\"0\" allow=\"accelerometer; autoplay; encrypted-media; gyroscope; picture-in-picture\" allowfullscreen><\/iframe><\/p>\n<h2>The Beauty Vendor Machine Armani par L&rsquo;Or\u00e9al<\/h2>\n<p>Ici, les clients sont invit\u00e9s \u00e0 choisir diff\u00e9rents types de maquillage et \u00e0 voir le r\u00e9sultat en direct appliqu\u00e9 \u00e0 leur visage, via une simulation interactive, permettant d&rsquo;acheter le produit.<\/p>\n<p><img loading=\"lazy\" class=\"alignnone size-full wp-image-15905\" src=\"https:\/\/digitalcommerce.kaliop.com\/wp-content\/uploads\/2019\/05\/04-armani.jpg\" alt=\"\" width=\"781\" height=\"298\" \/><\/p>\n<h2>Le pavillon LVHM et les sacs Instagram<\/h2>\n<p>Gr\u00e2ce aux \u00e9crans flexibles et connect\u00e9s, les clientes peuvent afficher et diffuser le flux de leur compte Instagram directement sur leurs accessoires.<br \/>\nUn dispositif \u00e9tonnant !<\/p>\n<p><img loading=\"lazy\" class=\"alignnone size-full wp-image-15920\" src=\"https:\/\/digitalcommerce.kaliop.com\/wp-content\/uploads\/2019\/05\/insta.jpg\" alt=\"\" width=\"781\" height=\"298\" \/><\/p>\n<h2>Amazon Web Service et ses solutions Cloud<\/h2>\n<p>On connait d\u00e9j\u00e0 la position de leader dans le hosting Cloud de AWS qui tenait des conf\u00e9rences tout au long du salon autour de la facilit\u00e9 de d\u00e9ploiement de leurs serveurs, ainsi que la qualit\u00e9 de l&rsquo;infrastructure \u00e0 travers un r\u00e9seau de fibres optiques mondial et priv\u00e9.<\/p>\n<p><img loading=\"lazy\" class=\"alignnone wp-image-15907\" src=\"https:\/\/digitalcommerce.kaliop.com\/wp-content\/uploads\/2019\/05\/06-aws.jpg\" alt=\"\" width=\"780\" height=\"299\" \/><\/p>\n<h2>Le placement de produits 2.0 par Mirriad<\/h2>\n<p>Pus besoin de disposer de produits promotionnels lors du tournage de films, la solution Mirriad propose l&rsquo;incrustation post-prod de diff\u00e9rents objets dans le cadre de placement produit.<\/p>\n<p><img loading=\"lazy\" class=\"alignnone size-full wp-image-15919\" src=\"https:\/\/digitalcommerce.kaliop.com\/wp-content\/uploads\/2019\/05\/mirriard.jpg\" alt=\"\" width=\"781\" height=\"298\" \/><\/p>\n<h2>PSG Arcade VR par Oracle Cloud<\/h2>\n<p>Une d\u00e9monstration d&rsquo;un nouveau type d&rsquo;utilisation de la r\u00e9alit\u00e9 virtuelle, dans laquelle on prend place allong\u00e9 dans un simulateur \u00e9quip\u00e9 de deux ailes et d&rsquo;un ventilateur pour vivre des sensations de vol.<\/p>\n<p><img loading=\"lazy\" class=\"alignnone size-full wp-image-15915\" src=\"https:\/\/digitalcommerce.kaliop.com\/wp-content\/uploads\/2019\/05\/08-psg.jpg\" alt=\"\" width=\"781\" height=\"298\" \/><\/p>\n<h2>En conclusion<\/h2>\n<p>Cette \u00e9dition 2019 de Vivatech a \u00e9t\u00e9 bluffante par la qualit\u00e9 globale de l&rsquo;\u00e9v\u00e9nement : l&rsquo;immersion dans des stands color\u00e9s et soign\u00e9s, des conf\u00e9rences au d\u00e9tour de chaque all\u00e9e et une pluie d&rsquo;innovations qui nous donne envie de revenir rapidement mais il faudra maintenant patienter jusqu&rsquo;\u00e0 l&rsquo;ann\u00e9e prochaine &#8230;<\/p>\n<p><strong>Rendez vous en 2020 pour les 5 ans de l&rsquo;\u00e9v\u00e9nement !<\/strong>[:]<\/p>\n","protected":false},"excerpt":{"rendered":"<p>[:fr]51 017 m2, 100 000 visiteurs, 2 000 exposants, 150 conf\u00e9rences : les chiffres du salon Vivatech 2019 donnent le tournis, au m\u00eame titre que la visite de ce salon d\u00e9di\u00e9 \u00e0 la technologie sous toutes ses formes. Nous avons pass\u00e9 une matin\u00e9e \u00e0 explorer les all\u00e9es de Vivatech et avons \u00e9t\u00e9 \u00e9blouis par la [&hellip;]<\/p>\n","protected":false},"author":47,"featured_media":26163,"comment_status":"closed","ping_status":"closed","sticky":false,"template":"","format":"standard","meta":{"content-type":"","inline_featured_image":false},"categories":[1],"tags":[50,132,131],"yoast_head":"<!-- This site is optimized with the Yoast SEO plugin v19.8 - https:\/\/yoast.com\/wordpress\/plugins\/seo\/ -->\n<title>Retour sur le Vivatech 2019 - Blog<\/title>\n<meta name=\"description\" content=\"Nous avons pass\u00e9 une matin\u00e9e \u00e0 explorer les all\u00e9es de Vivatech et avons \u00e9t\u00e9 \u00e9blouis par la cr\u00e9ativit\u00e9 et les innovations technologiques. Retour sur cet \u00e9v\u00e9nement futuriste !\" \/>\n<meta name=\"robots\" content=\"index, follow, max-snippet:-1, max-image-preview:large, max-video-preview:-1\" \/>\n<link rel=\"canonical\" href=\"https:\/\/www.kaliop.com\/fr\/vivatech-2019-un-salon-dedie-a-linnovation-sous-toutes-ses-formes\/\" \/>\n<meta property=\"og:locale\" content=\"fr_FR\" \/>\n<meta property=\"og:type\" content=\"article\" \/>\n<meta property=\"og:title\" content=\"Retour sur le Vivatech 2019 - Blog\" \/>\n<meta property=\"og:description\" content=\"Nous avons pass\u00e9 une matin\u00e9e \u00e0 explorer les all\u00e9es de Vivatech et avons \u00e9t\u00e9 \u00e9blouis par la cr\u00e9ativit\u00e9 et les innovations technologiques. Retour sur cet \u00e9v\u00e9nement futuriste !\" \/>\n<meta property=\"og:url\" content=\"https:\/\/www.kaliop.com\/fr\/vivatech-2019-un-salon-dedie-a-linnovation-sous-toutes-ses-formes\/\" \/>\n<meta property=\"article:published_time\" content=\"2019-05-20T16:22:36+00:00\" \/>\n<meta property=\"article:modified_time\" content=\"2020-01-03T16:28:28+00:00\" \/>\n<meta property=\"og:image\" content=\"https:\/\/www.kaliop.com\/app\/uploads\/2019\/05\/Copie-de-BLOG-KALIOP-1.png\" \/>\n\t<meta property=\"og:image:width\" content=\"622\" \/>\n\t<meta property=\"og:image:height\" content=\"415\" \/>\n\t<meta property=\"og:image:type\" content=\"image\/png\" \/>\n<meta name=\"author\" content=\"Yann FRESSIGNAUD\" \/>\n<meta name=\"twitter:card\" content=\"summary_large_image\" \/>\n<meta name=\"twitter:label1\" content=\"Written by\" \/>\n\t<meta name=\"twitter:data1\" content=\"Yann FRESSIGNAUD\" \/>\n\t<meta name=\"twitter:label2\" content=\"Est. reading time\" \/>\n\t<meta name=\"twitter:data2\" content=\"3 minutes\" \/>\n<script type=\"application\/ld+json\" class=\"yoast-schema-graph\">{\"@context\":\"https:\/\/schema.org\",\"@graph\":[{\"@type\":\"WebPage\",\"@id\":\"https:\/\/www.kaliop.com\/fr\/vivatech-2019-un-salon-dedie-a-linnovation-sous-toutes-ses-formes\/\",\"url\":\"https:\/\/www.kaliop.com\/fr\/vivatech-2019-un-salon-dedie-a-linnovation-sous-toutes-ses-formes\/\",\"name\":\"Retour sur le Vivatech 2019 - Blog\",\"isPartOf\":{\"@id\":\"https:\/\/www.kaliop.com\/fr\/#website\"},\"datePublished\":\"2019-05-20T16:22:36+00:00\",\"dateModified\":\"2020-01-03T16:28:28+00:00\",\"author\":{\"@id\":\"https:\/\/www.kaliop.com\/fr\/#\/schema\/person\/002f142301f970f44d5d027a4e4f00ce\"},\"description\":\"Nous avons pass\u00e9 une matin\u00e9e \u00e0 explorer les all\u00e9es de Vivatech et avons \u00e9t\u00e9 \u00e9blouis par la cr\u00e9ativit\u00e9 et les innovations technologiques. Retour sur cet \u00e9v\u00e9nement futuriste !\",\"breadcrumb\":{\"@id\":\"https:\/\/www.kaliop.com\/fr\/vivatech-2019-un-salon-dedie-a-linnovation-sous-toutes-ses-formes\/#breadcrumb\"},\"inLanguage\":\"fr-FR\",\"potentialAction\":[{\"@type\":\"ReadAction\",\"target\":[\"https:\/\/www.kaliop.com\/fr\/vivatech-2019-un-salon-dedie-a-linnovation-sous-toutes-ses-formes\/\"]}]},{\"@type\":\"BreadcrumbList\",\"@id\":\"https:\/\/www.kaliop.com\/fr\/vivatech-2019-un-salon-dedie-a-linnovation-sous-toutes-ses-formes\/#breadcrumb\",\"itemListElement\":[{\"@type\":\"ListItem\",\"position\":1,\"name\":\"Home\",\"item\":\"https:\/\/www.kaliop.com\/fr\/\"},{\"@type\":\"ListItem\",\"position\":2,\"name\":\"Vivatech 2019 : un salon d\u00e9di\u00e9 \u00e0 l&rsquo;innovation sous toutes ses formes\"}]},{\"@type\":\"WebSite\",\"@id\":\"https:\/\/www.kaliop.com\/fr\/#website\",\"url\":\"https:\/\/www.kaliop.com\/fr\/\",\"name\":\"\",\"description\":\"\",\"potentialAction\":[{\"@type\":\"SearchAction\",\"target\":{\"@type\":\"EntryPoint\",\"urlTemplate\":\"https:\/\/www.kaliop.com\/fr\/?s={search_term_string}\"},\"query-input\":\"required name=search_term_string\"}],\"inLanguage\":\"fr-FR\"},{\"@type\":\"Person\",\"@id\":\"https:\/\/www.kaliop.com\/fr\/#\/schema\/person\/002f142301f970f44d5d027a4e4f00ce\",\"name\":\"Yann FRESSIGNAUD\",\"image\":{\"@type\":\"ImageObject\",\"inLanguage\":\"fr-FR\",\"@id\":\"https:\/\/www.kaliop.com\/fr\/#\/schema\/person\/image\/\",\"url\":\"https:\/\/www.kaliop.com\/app\/uploads\/2019\/12\/yann_fressignaud-150x150.jpg\",\"contentUrl\":\"https:\/\/www.kaliop.com\/app\/uploads\/2019\/12\/yann_fressignaud-150x150.jpg\",\"caption\":\"Yann FRESSIGNAUD\"},\"description\":\"[fr]Directeur conseil chez Kaliop et passionn\u00e9 de E-commerce, d\u2019UX et de CRM.[\/fr] [en]Consulting Director in the Kaliop agency, and dedicated to E-commerce, UX and CRM solutions.[\/en]\"}]}<\/script>\n<!-- \/ Yoast SEO plugin. -->","yoast_head_json":{"title":"Retour sur le Vivatech 2019 - Blog","description":"Nous avons pass\u00e9 une matin\u00e9e \u00e0 explorer les all\u00e9es de Vivatech et avons \u00e9t\u00e9 \u00e9blouis par la cr\u00e9ativit\u00e9 et les innovations technologiques. Retour sur cet \u00e9v\u00e9nement futuriste !","robots":{"index":"index","follow":"follow","max-snippet":"max-snippet:-1","max-image-preview":"max-image-preview:large","max-video-preview":"max-video-preview:-1"},"canonical":"https:\/\/www.kaliop.com\/fr\/vivatech-2019-un-salon-dedie-a-linnovation-sous-toutes-ses-formes\/","og_locale":"fr_FR","og_type":"article","og_title":"Retour sur le Vivatech 2019 - Blog","og_description":"Nous avons pass\u00e9 une matin\u00e9e \u00e0 explorer les all\u00e9es de Vivatech et avons \u00e9t\u00e9 \u00e9blouis par la cr\u00e9ativit\u00e9 et les innovations technologiques. Retour sur cet \u00e9v\u00e9nement futuriste !","og_url":"https:\/\/www.kaliop.com\/fr\/vivatech-2019-un-salon-dedie-a-linnovation-sous-toutes-ses-formes\/","article_published_time":"2019-05-20T16:22:36+00:00","article_modified_time":"2020-01-03T16:28:28+00:00","og_image":[{"width":622,"height":415,"url":"https:\/\/www.kaliop.com\/app\/uploads\/2019\/05\/Copie-de-BLOG-KALIOP-1.png","type":"image\/png"}],"author":"Yann FRESSIGNAUD","twitter_card":"summary_large_image","twitter_misc":{"Written by":"Yann FRESSIGNAUD","Est. reading time":"3 minutes"},"schema":{"@context":"https:\/\/schema.org","@graph":[{"@type":"WebPage","@id":"https:\/\/www.kaliop.com\/fr\/vivatech-2019-un-salon-dedie-a-linnovation-sous-toutes-ses-formes\/","url":"https:\/\/www.kaliop.com\/fr\/vivatech-2019-un-salon-dedie-a-linnovation-sous-toutes-ses-formes\/","name":"Retour sur le Vivatech 2019 - Blog","isPartOf":{"@id":"https:\/\/www.kaliop.com\/fr\/#website"},"datePublished":"2019-05-20T16:22:36+00:00","dateModified":"2020-01-03T16:28:28+00:00","author":{"@id":"https:\/\/www.kaliop.com\/fr\/#\/schema\/person\/002f142301f970f44d5d027a4e4f00ce"},"description":"Nous avons pass\u00e9 une matin\u00e9e \u00e0 explorer les all\u00e9es de Vivatech et avons \u00e9t\u00e9 \u00e9blouis par la cr\u00e9ativit\u00e9 et les innovations technologiques. Retour sur cet \u00e9v\u00e9nement futuriste !","breadcrumb":{"@id":"https:\/\/www.kaliop.com\/fr\/vivatech-2019-un-salon-dedie-a-linnovation-sous-toutes-ses-formes\/#breadcrumb"},"inLanguage":"fr-FR","potentialAction":[{"@type":"ReadAction","target":["https:\/\/www.kaliop.com\/fr\/vivatech-2019-un-salon-dedie-a-linnovation-sous-toutes-ses-formes\/"]}]},{"@type":"BreadcrumbList","@id":"https:\/\/www.kaliop.com\/fr\/vivatech-2019-un-salon-dedie-a-linnovation-sous-toutes-ses-formes\/#breadcrumb","itemListElement":[{"@type":"ListItem","position":1,"name":"Home","item":"https:\/\/www.kaliop.com\/fr\/"},{"@type":"ListItem","position":2,"name":"Vivatech 2019 : un salon d\u00e9di\u00e9 \u00e0 l&rsquo;innovation sous toutes ses formes"}]},{"@type":"WebSite","@id":"https:\/\/www.kaliop.com\/fr\/#website","url":"https:\/\/www.kaliop.com\/fr\/","name":"","description":"","potentialAction":[{"@type":"SearchAction","target":{"@type":"EntryPoint","urlTemplate":"https:\/\/www.kaliop.com\/fr\/?s={search_term_string}"},"query-input":"required name=search_term_string"}],"inLanguage":"fr-FR"},{"@type":"Person","@id":"https:\/\/www.kaliop.com\/fr\/#\/schema\/person\/002f142301f970f44d5d027a4e4f00ce","name":"Yann FRESSIGNAUD","image":{"@type":"ImageObject","inLanguage":"fr-FR","@id":"https:\/\/www.kaliop.com\/fr\/#\/schema\/person\/image\/","url":"https:\/\/www.kaliop.com\/app\/uploads\/2019\/12\/yann_fressignaud-150x150.jpg","contentUrl":"https:\/\/www.kaliop.com\/app\/uploads\/2019\/12\/yann_fressignaud-150x150.jpg","caption":"Yann FRESSIGNAUD"},"description":"[fr]Directeur conseil chez Kaliop et passionn\u00e9 de E-commerce, d\u2019UX et de CRM.[\/fr] [en]Consulting Director in the Kaliop agency, and dedicated to E-commerce, UX and CRM solutions.[\/en]"}]}},"_links":{"self":[{"href":"https:\/\/www.kaliop.com\/fr\/wp-json\/wp\/v2\/posts\/15896"}],"collection":[{"href":"https:\/\/www.kaliop.com\/fr\/wp-json\/wp\/v2\/posts"}],"about":[{"href":"https:\/\/www.kaliop.com\/fr\/wp-json\/wp\/v2\/types\/post"}],"author":[{"embeddable":true,"href":"https:\/\/www.kaliop.com\/fr\/wp-json\/wp\/v2\/users\/47"}],"replies":[{"embeddable":true,"href":"https:\/\/www.kaliop.com\/fr\/wp-json\/wp\/v2\/comments?post=15896"}],"version-history":[{"count":6,"href":"https:\/\/www.kaliop.com\/fr\/wp-json\/wp\/v2\/posts\/15896\/revisions"}],"predecessor-version":[{"id":26576,"href":"https:\/\/www.kaliop.com\/fr\/wp-json\/wp\/v2\/posts\/15896\/revisions\/26576"}],"wp:featuredmedia":[{"embeddable":true,"href":"https:\/\/www.kaliop.com\/fr\/wp-json\/wp\/v2\/media\/26163"}],"wp:attachment":[{"href":"https:\/\/www.kaliop.com\/fr\/wp-json\/wp\/v2\/media?parent=15896"}],"wp:term":[{"taxonomy":"category","embeddable":true,"href":"https:\/\/www.kaliop.com\/fr\/wp-json\/wp\/v2\/categories?post=15896"},{"taxonomy":"post_tag","embeddable":true,"href":"https:\/\/www.kaliop.com\/fr\/wp-json\/wp\/v2\/tags?post=15896"}],"curies":[{"name":"wp","href":"https:\/\/api.w.org\/{rel}","templated":true}]}}