{"id":16229,"date":"2019-09-03T13:48:48","date_gmt":"2019-09-03T11:48:48","guid":{"rendered":"https:\/\/digitalcommerce.kaliop.com\/?p=16229"},"modified":"2022-04-05T13:44:38","modified_gmt":"2022-04-05T13:44:38","slug":"preparez-vous-pour-paris-retail-week","status":"publish","type":"post","link":"https:\/\/www.kaliop.com\/fr\/preparez-vous-pour-paris-retail-week\/","title":{"rendered":"Pr\u00e9parez-vous pour Paris Retail Week"},"content":{"rendered":"<p>[:fr]<\/p>\n<h2>Un salon tr\u00e8s attendu par tous les acteurs du commerce connect\u00e9<\/h2>\n<p>Plus grand \u00e9v\u00e9nement en Europe autour du commerce, Paris Retail Week aura lieu cette ann\u00e9e les <strong>24, 25 et 26 septembre<\/strong>. H\u00e9berg\u00e9 comme \u00e0 son habitude \u00e0 <strong>Paris Expo Porte de Versailles (Pavillon 7.2.)<\/strong>, le salon attend 25 000 professionnels.<\/p>\n<p>Grande nouveaut\u00e9 pour cette \u00e9dition 2019 : les <strong>journ\u00e9es sont th\u00e9matis\u00e9es<\/strong> pour faciliter l\u2019organisation de votre visite. Chaque probl\u00e9matique business est suivie par un mentor, r\u00e9f\u00e9rent dans le domaine. On retrouvera ainsi :<\/p>\n<ul>\n<li>Mardi 24 septembre : Parcours client, Utilisation data, Nouveaux paiements<\/li>\n<li>Mercredi 25 septembre : Innovation Marketing, Marketing B2B, Marketplaces<\/li>\n<li>Jeudi 26 septembre : Commerce omni-canal, Logistique<\/li>\n<\/ul>\n<p>Kaliop Digital Commerce sera bien \u00e9videmment pr\u00e9sent \u00e0 cet \u00e9v\u00e9nement majeur de notre \u00e9cosyst\u00e8me. Vous pourrez retrouver nos \u00e9quipes sur le stand de notre <a href=\"https:\/\/digitalcommerce.kaliop.com\/partenaire\/magento-commerce\/\" target=\"_blank\" rel=\"noopener noreferrer\">partenaire Magento <\/a>(B015).<\/p>\n<h2>Quelques astuces pour bien organiser votre visite \u00e0 Paris Retail Week<\/h2>\n<ol>\n<li><strong>Pr\u00e9parez votre parcours de visite en amont.<\/strong> Il y aura plus de 600 soci\u00e9t\u00e9s participantes dont 200 exposants. De quoi se perdre dans la jungle de l\u2019\u00e9cosyst\u00e8me du commerce europ\u00e9en. La <a href=\"http:\/\/exposants.parisretailweek.com\/\" target=\"_blank\" rel=\"noopener noreferrer\">liste des exposants est disponible sur le site du salon<\/a>. N\u2019h\u00e9sitez pas \u00e0 <a href=\"https:\/\/digitalcommerce.kaliop.com\/contact\/\" target=\"_blank\" rel=\"noopener noreferrer\">prendre rendez-vous avec un de nos directeurs conseils<\/a> qui pourra vous guider vers les meilleures solutions du march\u00e9 r\u00e9pondant \u00e0 vos enjeux ecommerce.<\/li>\n<li><strong>D\u00e9taillez dans votre agenda les conf\u00e9rences auxquelles vous souhaitez assister<\/strong>, afin d\u2019avoir des rappels. <a href=\"http:\/\/ateliers.parisretailweek.com\/\" target=\"_blank\" rel=\"noopener noreferrer\">200 interventions sont pr\u00e9vues<\/a>, sous diff\u00e9rentes formes : temps forts, ateliers solutions ou encore pitchs (un nouveau format de sessions de 5 minutes o\u00f9 les exposants r\u00e9pondent \u00e0 vos questions business). Il est m\u00eame possible cette ann\u00e9e de s\u2019inscrire \u00e0 des d\u00e9jeuners th\u00e9matiques.<\/li>\n<li><strong>Pensez \u00e0 demander votre badge visiteur \u00e0 l\u2019avance.<\/strong> Il est gratuit <a href=\"https:\/\/badge.parisretailweek.com\/accueil.htm\" target=\"_blank\" rel=\"noopener noreferrer\">si vous le demandez en ligne<\/a>, mais co\u00fbte 50\u20ac sur place. Cela vous fera \u00e9galement gagner un temps pr\u00e9cieux \u00e0 l\u2019entr\u00e9e du salon.<\/li>\n<li><strong>Si vous n\u2019\u00eates pas Francilien, r\u00e9servez bien en amont votre h\u00e9bergement<\/strong>. Paris Expo peut attirer de nombreux visiteurs sur diff\u00e9rents salons et les places dans les h\u00f4tels avoisinants peuvent se r\u00e9v\u00e9ler ch\u00e8res. Le salon propose des <a href=\"https:\/\/www.parisretailweek.com\/visiter\/acces-salon\/Hebergement\" target=\"_blank\" rel=\"noopener noreferrer\">offres pr\u00e9f\u00e9rentielles de logement<\/a> avec certains partenaires, mais il y a de <a href=\"https:\/\/www.booking.com\/landmark\/fr\/paris-expo-porte-de-versailles.fr.html\" target=\"_blank\" rel=\"noopener noreferrer\">nombreux h\u00f4tels \u00e0 proximit\u00e9<\/a>.<\/li>\n<\/ol>\n<p>Vous avez encore des questions ? Vous souhaitez vous faire accompagner<a href=\"https:\/\/digitalcommerce.kaliop.com\/expertise\/sourcing\/\" target=\"_blank\" rel=\"noopener noreferrer\"> pour sourcer les meilleures solutions ecommerce<\/a> lors de Paris Retail Week ?<\/p>\n<h2 style=\"text-align: center;\"><a href=\"https:\/\/digitalcommerce.kaliop.com\/contact\/\" target=\"_blank\" rel=\"noopener noreferrer\"><span style=\"color: #3366ff;\">Prenez rendez-vous pour une visite guid\u00e9e du salon<\/span><\/a><\/h2>\n<p>[:en]<\/p>\n<h2>A trade fair awaited by all the players in the retail &amp; ecommerce sector<\/h2>\n<p>Paris Retail Week, Europe&rsquo;s largest trade-related event, will take place this year on 24, 25 and 26 September. Hosted as usual at <strong>Paris Expo Porte de Versailles (Pavilion 7.2.)<\/strong>, the show is expecting 25,000 professionals.<\/p>\n<p>A major innovation for this 2019 edition: <strong>the 3 days are themed<\/strong> to facilitate the organization of your visit. Each business issue is monitored by a mentor, a referent in the field. The chosen themes are the following:<\/p>\n<ul>\n<li>Tuesday 24 September: Customer journey, Data usage, New payments<\/li>\n<li>Wednesday 25 September: Marketing Innovation, B2B Marketing, Marketplaces<\/li>\n<li>Thursday 26 September: Omni-channel commerce, Logistics<\/li>\n<\/ul>\n<p>Kaliop Digital Commerce will of course be present at this major event in our ecosystem. <strong>Come and meet our teams on the stand of <a href=\"https:\/\/digitalcommerce.kaliop.com\/en\/partenaire\/magento-commerce\/\" target=\"_blank\" rel=\"noopener noreferrer\">our partner Magento<\/a> (B015).<\/strong><\/p>\n<h2>Some tips to help you organize your visit to Paris Retail Week<\/h2>\n<ol>\n<li><strong>Prepare your visit itinerary beforehand.<\/strong> There will be more than 600 participating companies including 200 exhibitors. Enough to get lost in the jungle of the European trade ecosystem. The<a href=\"http:\/\/exhibitors.parisretailweek.com\/?lang=GB\" target=\"_blank\" rel=\"noopener noreferrer\"> list of exhibitors is available<\/a> on the exhibition website. Do not hesitate to <a href=\"https:\/\/digitalcommerce.kaliop.com\/en\/contact\/\">make an appointment with one of our consulting directors<\/a> who can guide you towards the best solutions on the market to meet your ecommerce challenges.<\/li>\n<li><strong>Detail in your agenda the conferences you wish to attend,<\/strong> in order to get reminders. <a href=\"http:\/\/workshops.parisretailweek.com\/?lang=GB&amp;display=7\" target=\"_blank\" rel=\"noopener noreferrer\">200 interventions are planned<\/a>, in different forms: keynotes, solution workshops or pitchs (a new format of 5-minute sessions where exhibitors answer your business questions). It is even possible this year to register for thematic lunches.<\/li>\n<li><strong>Remember to ask for your visitor badge in advance.<\/strong> It is free if you <a href=\"https:\/\/badge.parisretailweek.com\/en\/home.htm\" target=\"_blank\" rel=\"noopener noreferrer\">request it online<\/a>, but costs 50\u20ac on site. It will also save you valuable time at the entrance of the show.<\/li>\n<li><strong>If you are not Francilien, book your accommodation well in advance.<\/strong> Paris Expo can attract many visitors to different trade fairs and places in nearby hotels can be expensive. The fair offers <a href=\"https:\/\/en.parisretailweek.com\/visit\/Coming-to-Paris-Retail-Week\/Hotel\" target=\"_blank\" rel=\"noopener noreferrer\">preferential accommodation<\/a> with some partners, but there are <a href=\"https:\/\/www.booking.com\/landmark\/fr\/paris-expo-porte-de-versailles.en-gb.html?label=gen173rf-1FCAUoTUIecGFyaXMtZXhwby1wb3J0ZS1kZS12ZXJzYWlsbGVzSA1YA2hNiAEBmAENuAEXyAEM2AEB6AEB-AECiAIBogIaZGlnaXRhbGNvbW1lcmNlLmthbGlvcC5jb22oAgO4Ao_Lj-sFwAIB&amp;sid=1d3e11e8790d62073b98010c02b59916&amp;inac=0&amp;lang=en-gb&amp;soz=1&amp;lang_click=top;cdl=fr;lang_changed=1\" target=\"_blank\" rel=\"noopener noreferrer\">many hotels nearby<\/a>.<\/li>\n<\/ol>\n<p>Do you have any further questions? Would you like to be supported to <a href=\"https:\/\/digitalcommerce.kaliop.com\/en\/expertise\/sourcing\/\">source the best ecommerce solutions<\/a> during Paris Retail Week?<\/p>\n<p style=\"text-align: center;\"><a href=\"https:\/\/digitalcommerce.kaliop.com\/en\/contact\/\"><strong>Make an appointment with our consulting teams.<\/strong><\/a><\/p>\n<p>\u00a0[:]<\/p>\n","protected":false},"excerpt":{"rendered":"<p>[:fr] Un salon tr\u00e8s attendu par tous les acteurs du commerce connect\u00e9 Plus grand \u00e9v\u00e9nement en Europe autour du commerce, Paris Retail Week aura lieu cette ann\u00e9e les 24, 25 et 26 septembre. H\u00e9berg\u00e9 comme \u00e0 son habitude \u00e0 Paris Expo Porte de Versailles (Pavillon 7.2.), le salon attend 25 000 professionnels. Grande nouveaut\u00e9 pour [&hellip;]<\/p>\n","protected":false},"author":52,"featured_media":25998,"comment_status":"closed","ping_status":"closed","sticky":false,"template":"","format":"standard","meta":{"content-type":"","inline_featured_image":false},"categories":[1],"tags":[],"yoast_head":"<!-- This site is optimized with the Yoast SEO plugin v19.8 - https:\/\/yoast.com\/wordpress\/plugins\/seo\/ -->\n<title>Comment bien pr\u00e9parer sa visite \u00e0 Paris Retail Week - Blog<\/title>\n<meta name=\"description\" content=\"D\u00e9couvrez nos astuces pour bien organiser votre visite au plus grand \u00e9v\u00e9nement en Europe autour du commerce.\" \/>\n<meta name=\"robots\" content=\"index, follow, max-snippet:-1, max-image-preview:large, max-video-preview:-1\" \/>\n<link rel=\"canonical\" href=\"https:\/\/www.kaliop.com\/fr\/preparez-vous-pour-paris-retail-week\/\" \/>\n<meta property=\"og:locale\" content=\"fr_FR\" \/>\n<meta property=\"og:type\" content=\"article\" \/>\n<meta property=\"og:title\" content=\"Comment bien pr\u00e9parer sa visite \u00e0 Paris Retail Week - Blog\" \/>\n<meta property=\"og:description\" content=\"D\u00e9couvrez nos astuces pour bien organiser votre visite au plus grand \u00e9v\u00e9nement en Europe autour du commerce.\" \/>\n<meta property=\"og:url\" content=\"https:\/\/www.kaliop.com\/fr\/preparez-vous-pour-paris-retail-week\/\" \/>\n<meta property=\"article:published_time\" content=\"2019-09-03T11:48:48+00:00\" \/>\n<meta property=\"article:modified_time\" content=\"2022-04-05T13:44:38+00:00\" \/>\n<meta property=\"og:image\" content=\"https:\/\/www.kaliop.com\/app\/uploads\/2019\/09\/83.png\" \/>\n\t<meta property=\"og:image:width\" content=\"622\" \/>\n\t<meta property=\"og:image:height\" content=\"415\" \/>\n\t<meta property=\"og:image:type\" content=\"image\/png\" \/>\n<meta name=\"author\" content=\"L&#039;\u00e9quipe e-commerce\" \/>\n<meta name=\"twitter:card\" content=\"summary_large_image\" \/>\n<meta name=\"twitter:label1\" content=\"Written by\" \/>\n\t<meta name=\"twitter:data1\" content=\"L'\u00e9quipe e-commerce\" \/>\n\t<meta name=\"twitter:label2\" content=\"Est. reading time\" \/>\n\t<meta name=\"twitter:data2\" content=\"4 minutes\" \/>\n<script type=\"application\/ld+json\" class=\"yoast-schema-graph\">{\"@context\":\"https:\/\/schema.org\",\"@graph\":[{\"@type\":\"WebPage\",\"@id\":\"https:\/\/www.kaliop.com\/fr\/preparez-vous-pour-paris-retail-week\/\",\"url\":\"https:\/\/www.kaliop.com\/fr\/preparez-vous-pour-paris-retail-week\/\",\"name\":\"Comment bien pr\u00e9parer sa visite \u00e0 Paris Retail Week - Blog\",\"isPartOf\":{\"@id\":\"https:\/\/www.kaliop.com\/fr\/#website\"},\"datePublished\":\"2019-09-03T11:48:48+00:00\",\"dateModified\":\"2022-04-05T13:44:38+00:00\",\"author\":{\"@id\":\"https:\/\/www.kaliop.com\/fr\/#\/schema\/person\/162ccc5a8e7ac04d5fbad6763166a807\"},\"description\":\"D\u00e9couvrez nos astuces pour bien organiser votre visite au plus grand \u00e9v\u00e9nement en Europe autour du commerce.\",\"breadcrumb\":{\"@id\":\"https:\/\/www.kaliop.com\/fr\/preparez-vous-pour-paris-retail-week\/#breadcrumb\"},\"inLanguage\":\"fr-FR\",\"potentialAction\":[{\"@type\":\"ReadAction\",\"target\":[\"https:\/\/www.kaliop.com\/fr\/preparez-vous-pour-paris-retail-week\/\"]}]},{\"@type\":\"BreadcrumbList\",\"@id\":\"https:\/\/www.kaliop.com\/fr\/preparez-vous-pour-paris-retail-week\/#breadcrumb\",\"itemListElement\":[{\"@type\":\"ListItem\",\"position\":1,\"name\":\"Home\",\"item\":\"https:\/\/www.kaliop.com\/fr\/\"},{\"@type\":\"ListItem\",\"position\":2,\"name\":\"Pr\u00e9parez-vous pour Paris Retail Week\"}]},{\"@type\":\"WebSite\",\"@id\":\"https:\/\/www.kaliop.com\/fr\/#website\",\"url\":\"https:\/\/www.kaliop.com\/fr\/\",\"name\":\"\",\"description\":\"\",\"potentialAction\":[{\"@type\":\"SearchAction\",\"target\":{\"@type\":\"EntryPoint\",\"urlTemplate\":\"https:\/\/www.kaliop.com\/fr\/?s={search_term_string}\"},\"query-input\":\"required name=search_term_string\"}],\"inLanguage\":\"fr-FR\"},{\"@type\":\"Person\",\"@id\":\"https:\/\/www.kaliop.com\/fr\/#\/schema\/person\/162ccc5a8e7ac04d5fbad6763166a807\",\"name\":\"L'\u00e9quipe e-commerce\",\"image\":{\"@type\":\"ImageObject\",\"inLanguage\":\"fr-FR\",\"@id\":\"https:\/\/www.kaliop.com\/fr\/#\/schema\/person\/image\/\",\"url\":\"https:\/\/www.kaliop.com\/app\/uploads\/2019\/01\/icon-temoignage-1.svg\",\"contentUrl\":\"https:\/\/www.kaliop.com\/app\/uploads\/2019\/01\/icon-temoignage-1.svg\",\"caption\":\"L'\u00e9quipe e-commerce\"},\"description\":\"[fr]L'\u00e9quipe Commerce Digital est constitu\u00e9e d'experts du Commerce Digital en B2C et B2B : experts techniques, UX et Design, Chefs de projet... Chacun contribue au succ\u00e8s de vos projets de commerce connect\u00e9 de mani\u00e8re pro-active et innovante.[\/fr] [en]The Digital Commerce team is made up of Digital Commerce experts in B2C and B2B: technical experts, UX and Design, Project Managers... Everyone contributes to the success of your online commerce projects in a proactive and innovative way.[\/en]\"}]}<\/script>\n<!-- \/ Yoast SEO plugin. -->","yoast_head_json":{"title":"Comment bien pr\u00e9parer sa visite \u00e0 Paris Retail Week - Blog","description":"D\u00e9couvrez nos astuces pour bien organiser votre visite au plus grand \u00e9v\u00e9nement en Europe autour du commerce.","robots":{"index":"index","follow":"follow","max-snippet":"max-snippet:-1","max-image-preview":"max-image-preview:large","max-video-preview":"max-video-preview:-1"},"canonical":"https:\/\/www.kaliop.com\/fr\/preparez-vous-pour-paris-retail-week\/","og_locale":"fr_FR","og_type":"article","og_title":"Comment bien pr\u00e9parer sa visite \u00e0 Paris Retail Week - Blog","og_description":"D\u00e9couvrez nos astuces pour bien organiser votre visite au plus grand \u00e9v\u00e9nement en Europe autour du commerce.","og_url":"https:\/\/www.kaliop.com\/fr\/preparez-vous-pour-paris-retail-week\/","article_published_time":"2019-09-03T11:48:48+00:00","article_modified_time":"2022-04-05T13:44:38+00:00","og_image":[{"width":622,"height":415,"url":"https:\/\/www.kaliop.com\/app\/uploads\/2019\/09\/83.png","type":"image\/png"}],"author":"L'\u00e9quipe e-commerce","twitter_card":"summary_large_image","twitter_misc":{"Written by":"L'\u00e9quipe e-commerce","Est. reading time":"4 minutes"},"schema":{"@context":"https:\/\/schema.org","@graph":[{"@type":"WebPage","@id":"https:\/\/www.kaliop.com\/fr\/preparez-vous-pour-paris-retail-week\/","url":"https:\/\/www.kaliop.com\/fr\/preparez-vous-pour-paris-retail-week\/","name":"Comment bien pr\u00e9parer sa visite \u00e0 Paris Retail Week - Blog","isPartOf":{"@id":"https:\/\/www.kaliop.com\/fr\/#website"},"datePublished":"2019-09-03T11:48:48+00:00","dateModified":"2022-04-05T13:44:38+00:00","author":{"@id":"https:\/\/www.kaliop.com\/fr\/#\/schema\/person\/162ccc5a8e7ac04d5fbad6763166a807"},"description":"D\u00e9couvrez nos astuces pour bien organiser votre visite au plus grand \u00e9v\u00e9nement en Europe autour du commerce.","breadcrumb":{"@id":"https:\/\/www.kaliop.com\/fr\/preparez-vous-pour-paris-retail-week\/#breadcrumb"},"inLanguage":"fr-FR","potentialAction":[{"@type":"ReadAction","target":["https:\/\/www.kaliop.com\/fr\/preparez-vous-pour-paris-retail-week\/"]}]},{"@type":"BreadcrumbList","@id":"https:\/\/www.kaliop.com\/fr\/preparez-vous-pour-paris-retail-week\/#breadcrumb","itemListElement":[{"@type":"ListItem","position":1,"name":"Home","item":"https:\/\/www.kaliop.com\/fr\/"},{"@type":"ListItem","position":2,"name":"Pr\u00e9parez-vous pour Paris Retail Week"}]},{"@type":"WebSite","@id":"https:\/\/www.kaliop.com\/fr\/#website","url":"https:\/\/www.kaliop.com\/fr\/","name":"","description":"","potentialAction":[{"@type":"SearchAction","target":{"@type":"EntryPoint","urlTemplate":"https:\/\/www.kaliop.com\/fr\/?s={search_term_string}"},"query-input":"required name=search_term_string"}],"inLanguage":"fr-FR"},{"@type":"Person","@id":"https:\/\/www.kaliop.com\/fr\/#\/schema\/person\/162ccc5a8e7ac04d5fbad6763166a807","name":"L'\u00e9quipe e-commerce","image":{"@type":"ImageObject","inLanguage":"fr-FR","@id":"https:\/\/www.kaliop.com\/fr\/#\/schema\/person\/image\/","url":"https:\/\/www.kaliop.com\/app\/uploads\/2019\/01\/icon-temoignage-1.svg","contentUrl":"https:\/\/www.kaliop.com\/app\/uploads\/2019\/01\/icon-temoignage-1.svg","caption":"L'\u00e9quipe e-commerce"},"description":"[fr]L'\u00e9quipe Commerce Digital est constitu\u00e9e d'experts du Commerce Digital en B2C et B2B : experts techniques, UX et Design, Chefs de projet... Chacun contribue au succ\u00e8s de vos projets de commerce connect\u00e9 de mani\u00e8re pro-active et innovante.[\/fr] [en]The Digital Commerce team is made up of Digital Commerce experts in B2C and B2B: technical experts, UX and Design, Project Managers... Everyone contributes to the success of your online commerce projects in a proactive and innovative way.[\/en]"}]}},"_links":{"self":[{"href":"https:\/\/www.kaliop.com\/fr\/wp-json\/wp\/v2\/posts\/16229"}],"collection":[{"href":"https:\/\/www.kaliop.com\/fr\/wp-json\/wp\/v2\/posts"}],"about":[{"href":"https:\/\/www.kaliop.com\/fr\/wp-json\/wp\/v2\/types\/post"}],"author":[{"embeddable":true,"href":"https:\/\/www.kaliop.com\/fr\/wp-json\/wp\/v2\/users\/52"}],"replies":[{"embeddable":true,"href":"https:\/\/www.kaliop.com\/fr\/wp-json\/wp\/v2\/comments?post=16229"}],"version-history":[{"count":8,"href":"https:\/\/www.kaliop.com\/fr\/wp-json\/wp\/v2\/posts\/16229\/revisions"}],"predecessor-version":[{"id":34192,"href":"https:\/\/www.kaliop.com\/fr\/wp-json\/wp\/v2\/posts\/16229\/revisions\/34192"}],"wp:featuredmedia":[{"embeddable":true,"href":"https:\/\/www.kaliop.com\/fr\/wp-json\/wp\/v2\/media\/25998"}],"wp:attachment":[{"href":"https:\/\/www.kaliop.com\/fr\/wp-json\/wp\/v2\/media?parent=16229"}],"wp:term":[{"taxonomy":"category","embeddable":true,"href":"https:\/\/www.kaliop.com\/fr\/wp-json\/wp\/v2\/categories?post=16229"},{"taxonomy":"post_tag","embeddable":true,"href":"https:\/\/www.kaliop.com\/fr\/wp-json\/wp\/v2\/tags?post=16229"}],"curies":[{"name":"wp","href":"https:\/\/api.w.org\/{rel}","templated":true}]}}