{"id":17044,"date":"2018-08-24T15:53:29","date_gmt":"2018-08-24T15:53:29","guid":{"rendered":"https:\/\/blog.kaliop.com\/?p=17044"},"modified":"2020-01-07T12:30:47","modified_gmt":"2020-01-07T12:30:47","slug":"tendances-visuelles-web2day-2018","status":"publish","type":"post","link":"https:\/\/www.kaliop.com\/fr\/tendances-visuelles-web2day-2018\/","title":{"rendered":"Tendances visuelles : comment se d\u00e9marquer en 2018 ?"},"content":{"rendered":"<p><a href=\"https:\/\/www.kaliop.com\/\/app\/blog-uploads\/2018\/08\/mod\u00e8le_une_BLOG.KALIOP_autres.png\"><img loading=\"lazy\" class=\"alignleft size-thumbnail wp-image-17052\" src=\"https:\/\/www.kaliop.com\/\/app\/blog-uploads\/2018\/08\/mod\u00e8le_une_BLOG.KALIOP_autres-150x150.png\" alt=\"tendances_visuelles_2018_Kaliop\" width=\"150\" height=\"150\" \/><\/a>Pour cette ann\u00e9e 2018,\u00a0<a href=\"https:\/\/www.gettyimages.fr\/\" target=\"_blank\" rel=\"noopener noreferrer\">Getty Images<\/a> nous \u00e9claire sur les <strong>tendances visuelles<\/strong> qui se dessinent. En analysant les <strong>mots-cl\u00e9s<\/strong> utilis\u00e9s sur leur site par des professionnels du secteur, une \u00e9quipe d\u2019analystes a pu mettre en lumi\u00e8re trois tendances phares. Ainsi, 2018 se verra \u00eatre l\u2019av\u00e8nement d\u2019une \u201c<strong>Renaissance contemporaine<\/strong>\u201d, d\u2019un \u201c<strong>R\u00e9alisme conceptuel<\/strong>\u201d et d\u2019un \u201c<strong>Masculin (re)compos\u00e9<\/strong>\u201d.<\/p>\n<p>&nbsp;<\/p>\n<p>Il ne faut pas oublier que Getty est le num\u00e9ro un mondial dans la cr\u00e9ation et diffusion de contenus.<\/p>\n<blockquote><p>Il r\u00e9unit \u00e0 lui seul pr\u00e8s d\u2019un milliard de recherches chaque ann\u00e9e.<\/p><\/blockquote>\n<p>Leur localisation aux quatre coins du monde est sans nul doute un avantage certain, qui leur permet de croiser les donn\u00e9es r\u00e9colt\u00e9es et faire \u00e9merger les tendances \u00e0 travers le monde entier.<\/p>\n<p>Explicitons un peu ces directions artistiques :<\/p>\n<h2>Renaissance contemporaine<\/h2>\n<p>Aujourd\u2019hui, il n\u2019a jamais \u00e9t\u00e9 aussi simple de prendre des photos et de les poster sur les <strong>r\u00e9seaux sociaux<\/strong> comme <strong>Instagram<\/strong>. Nous sommes en quelque sorte tous des photographes amateurs, notre <strong>smartphone<\/strong> greff\u00e9 \u00e0 la main.<\/p>\n<p>Pour autant, de plus en plus d\u2019artistes et de photographes semblent \u00eatre en qu\u00eate d\u2019un id\u00e9al cr\u00e9atif perdu qu\u2019ils cherchent \u00e0 se r\u00e9approprier.<br \/>\nAu cours des 12 derniers mois, Getty Images a vu appara\u00eetre de plus en plus de clich\u00e9s d\u2019images r\u00e9fl\u00e9chis, calmes et contemplatives, \u00e9clair\u00e9s par <strong>l\u2019histoire de l\u2019art<\/strong>. Une direction qui s\u2019est acc\u00e9l\u00e9r\u00e9e, avec plus de marqueurs d\u2019images qui recherchent l\u2019influence d\u2019\u0153uvres classiques comme peuvent l\u2019attester la s\u00e9rie \u201c<strong>The Art of Beauty<\/strong>\u201d de <a href=\"http:\/\/www.paridukovic.com\/\" target=\"_blank\" rel=\"noopener noreferrer\">Pari Dukovic<\/a>, qui revisite certaines des grandes oeuvres de l\u2019art.<\/p>\n<p><img loading=\"lazy\" class=\"wp-image-17047 aligncenter\" src=\"https:\/\/www.kaliop.com\/\/app\/blog-uploads\/2018\/08\/image2-300x200.jpg\" alt=\"Pari_Dukovic\" width=\"353\" height=\"235\" \/><\/p>\n<p style=\"text-align: center;\"><a href=\"http:\/\/www.paridukovic.com\/\" target=\"_blank\" rel=\"noopener noreferrer\">Pari Dukovic &#8211; The Art of Beauty<\/a><\/p>\n<blockquote><p>Les professionnels puisent leur inspiration dans notre culture, notre patrimoine mais restent ancr\u00e9s au monde contemporain et \u00e0 nos histoires personnelles.<\/p><\/blockquote>\n<p>Autre exemple que je vous invite \u00e0 regarder :\u00a0<a href=\"https:\/\/www.instagram.com\/p\/BjK4juNHKwo\/?utm_source=ig_web_copy_link\" target=\"_blank\" rel=\"noopener noreferrer\">Tali Rutman<\/a>, une styliste russe. Elle d\u00e9tourne des \u0153uvres contemporaines de <a href=\"https:\/\/fr.wikipedia.org\/wiki\/Piet_Mondrian\" target=\"_blank\" rel=\"noopener noreferrer\">Piet Mondrian<\/a>, <a href=\"https:\/\/fr.wikipedia.org\/wiki\/Jackson_Pollock\" target=\"_blank\" rel=\"noopener noreferrer\">Jackson Pollock<\/a>, <a href=\"https:\/\/fr.wikipedia.org\/wiki\/Kasimir_Malevitch\" target=\"_blank\" rel=\"noopener noreferrer\">Kazimir Malevich<\/a> et d\u2019autres, pour sublimer ses cr\u00e9ations modes.<br \/>\nPour terminer sur cette premi\u00e8re direction artistique, la recherche sur les termes \u201c<em>Vintage Portrait<\/em>\u201d et \u201c<em>Luxury Abstract<\/em>\u201d a augment\u00e9 de 94% et 186% sur le site de Getty.<\/p>\n<h2>R\u00e9alisme conceptuel, de quoi \u00e7a parle, d\u2019o\u00f9 \u00e7a vient ?<\/h2>\n<p>Depuis quelques temps, s\u2019est instaur\u00e9 un climat de m\u00e9fiance vis-\u00e0-vis de ce que nous pouvons lire ou apprendre venant des m\u00e9dias, en partie \u00e0 cause des <em>fake news<\/em>. L\u2019<strong>accessibilit\u00e9<\/strong> et la <strong>fiabilit\u00e9<\/strong> sont les \u00e9l\u00e9ments cl\u00e9s de la connexion avec le <strong>consommateur<\/strong> d&rsquo;aujourd&rsquo;hui, et ces derniers sont en train d&rsquo;influencer les march\u00e9s de masse.<\/p>\n<p>Cette nouvelle aspiration d\u00e9coule donc de la volont\u00e9 des individus \u00e0 coller au plus pr\u00e8s de la r\u00e9alit\u00e9. Recr\u00e9er quelque chose d\u2019authentique, de cr\u00e9dible au travers de <strong>son propre regard<\/strong>. Cette <strong>sensibilit\u00e9<\/strong> puise sa force dans ce nouvel \u00e9lan qui porte l\u2019<strong>humain<\/strong> \u00e0 prendre soin de lui, de son corps.<\/p>\n<blockquote><p>Mieux manger, mieux ressentir, mieux observer; \u00eatre \u00e0 l\u2019\u00e9coute de soi et se recentrer sur soi.<\/p><\/blockquote>\n<p>C\u2019est ainsi que va \u00eatre con\u00e7u un r\u00e9alisme inattendu, un <strong>art na\u00eff<\/strong>, proche de nos vies, ludique avec de forts concepts emprunt\u00e9s \u00e0 notre quotidien. Les d\u00e9fauts ne sont plus une tare, mais deviennent une force et vont engendrer de nouveaux concepts.<\/p>\n<p>En tant que photographe talentueux, nous pouvons citer <a href=\"http:\/\/www.benzank.com\/\" target=\"_blank\" rel=\"noopener noreferrer\">Ben Zank<\/a> connu pour sa c\u00e9l\u00e8bre Une de <a href=\"https:\/\/www.adsoftheworld.com\/media\/print\/der_tagesspiegel_trump\" target=\"_blank\" rel=\"noopener noreferrer\">Der Tagesspiegel.<\/a><\/p>\n<p><img loading=\"lazy\" class=\"wp-image-17048 aligncenter\" src=\"https:\/\/www.kaliop.com\/\/app\/blog-uploads\/2018\/08\/image3-300x200.jpg\" alt=\"Der_Tagesspiegel_Ben_Zank\" width=\"356\" height=\"237\" \/><\/p>\n<p style=\"text-align: center;\"><a href=\"http:\/\/www.benzank.com\/\" target=\"_blank\" rel=\"noopener noreferrer\">Ben Zank &#8211; Der Tagesspiegel<\/a><\/p>\n<p>En vid\u00e9o, je vous encourage \u00e0 regarder la superbe publicit\u00e9 de Centrepoint, \u00ab The boy nobody can see \u00bb<\/p>\n<p><iframe data-name=\"youtube\" data-src=\"https:\/\/www.youtube.com\/embed\/f0lklZ2WGlU?rel=0\" width=\"560\" height=\"315\" frameborder=\"0\" allowfullscreen=\"allowfullscreen\"><\/iframe><\/p>\n<p>Sur cette deuxi\u00e8me tendance, Getty Images a vu ses mots-cl\u00e9s \u201c<em>unique concept<\/em>\u201d bondir de 329% et \u201c<em>luxury abstract<\/em>\u201d de 186%.<\/p>\n<h2>Masculin (re)compos\u00e9<\/h2>\n<blockquote><p>Apr\u00e8s la lib\u00e9ration des femmes, la lib\u00e9ration de l\u2019homme est l\u2019un des sujets soci\u00e9taux central de notre \u00e9poque.<\/p><\/blockquote>\n<p>Finis les nombreux st\u00e9r\u00e9otypes de l\u2019homme \u201c<strong>bad boy<\/strong>\u201d, dur, qui ne pleure jamais. Nous nous dirigeons vers une vision plus ouverte et plus riche de la <strong>masculinit\u00e9<\/strong>. Les marques sont d\u2019ores et d\u00e9j\u00e0 en train de concentrer leur \u00e9nergie \u00e0 <strong>challenger<\/strong> le portrait des hommes. Elles essaient de montrer que le sexe masculin poss\u00e8de diff\u00e9rentes facettes \u00e0 la fois complexes, douces et astucieuses.<br \/>\nUne grande marque, <strong>Axe<\/strong>, a d\u00e9j\u00e0 \u00e9prouv\u00e9 l\u2019exercice en s\u2019attaquant \u00e0 l\u2019hyper masculinit\u00e9.<\/p>\n<p>Elle a cr\u00e9\u00e9 son propre hashtag <a href=\"https:\/\/twitter.com\/search?f=tweets&amp;vertical=default&amp;q=%23IsItOkForGuys&amp;src=typd\" target=\"_blank\" rel=\"noopener noreferrer\">#IsItOkForGuys<\/a> <em>to\u2026 cry, to wear pink, to not like sports<\/em> etc.<\/p>\n<p><iframe data-name=\"youtube\" data-src=\"https:\/\/www.youtube.com\/embed\/0WySfa7x5q0?rel=0\" width=\"560\" height=\"315\" frameborder=\"0\" allowfullscreen=\"allowfullscreen\"><\/iframe><\/p>\n<p>Dans un autre m\u00e9dia, nous pouvons citer la brillante <a href=\"http:\/\/www.rosiematheson.com\/\" target=\"_blank\" rel=\"noopener noreferrer\">Rosie Matheson<\/a> avec sa s\u00e9rie Boys. A travers la photographie, cette artiste a immortalis\u00e9 plusieurs dizaines de jeunes britanniques pour documenter leur unicit\u00e9. Chacun de ces visages expriment \u00e0 leur fa\u00e7on une identit\u00e9 propre, un masculin pluriel, \u00e0 la repr\u00e9sentation multiple et libre de vivre sa virilit\u00e9 et sa sexualit\u00e9.<\/p>\n<p><img loading=\"lazy\" class=\"wp-image-17049 aligncenter\" src=\"https:\/\/www.kaliop.com\/\/app\/blog-uploads\/2018\/08\/image1-230x300.jpg\" alt=\"Rosie_Matheson_Boys\" width=\"282\" height=\"368\" \/><\/p>\n<p style=\"text-align: center;\"><a href=\"http:\/\/www.rosiematheson.com\/boys\" target=\"_blank\" rel=\"noopener noreferrer\">Rosie Matheson &#8211; Boys<\/a><\/p>\n<p>Ce qu\u2019il est int\u00e9ressant de constater c\u2019est la part de responsabilit\u00e9 de cette <strong>tendance visuelle<\/strong>. Elle participe \u00e0 faire \u00e9voluer les <strong>st\u00e9r\u00e9otypes<\/strong> et les <strong>mentalit\u00e9s<\/strong>. C\u2019est d\u2019ailleurs cette mouvance qui pousse les annonceurs \u00e0 r\u00e9agir.<\/p>\n<p>En d\u00e9but d\u2019ann\u00e9e, une charte r\u00e9dig\u00e9e par le CSA, contre les st\u00e9r\u00e9otypes sexistes dans les publicit\u00e9s, a \u00e9t\u00e9 sign\u00e9e par plusieurs organisations : l\u2019Union Des Annonceurs, l\u2019Association des Agences-Conseil en Communication (AACC) ou encore l\u2019Autorit\u00e9 de r\u00e9gulation professionnelle de la publicit\u00e9.<\/p>\n<p>Pour terminer sur cette direction artistique, les mots-cl\u00e9s les plus utilis\u00e9s sont : \u201c<strong>papa gay<\/strong>\u201d avec une augmentation de 53%, \u201c<strong>p\u00e8re isol\u00e9<\/strong>\u201d(+60%), et \u201c<strong>m\u00e9ditation masculine<\/strong>\u201d (+126%).<\/p>\n<p>Vous pouvez d\u00e8s \u00e0 pr\u00e9sent voir la conf\u00e9rence en entier :<\/p>\n<p><iframe data-name=\"youtube\" data-src=\"https:\/\/www.youtube.com\/embed\/tV2y6FnDEjw?rel=0\" width=\"560\" height=\"315\" frameborder=\"0\" allowfullscreen=\"allowfullscreen\"><\/iframe><\/p>\n<p>[su_box title=\u00a0\u00bbEn savoir plus\u00a0\u00bb box_color=\u00a0\u00bb#ffbf3f \u00a0\u00bb class=\u00a0\u00bbcadre_cta\u00a0\u00bb]<\/p>\n<p>Cet article a \u00e9t\u00e9 r\u00e9dig\u00e9 en s&rsquo;inspirant d&rsquo;une conf\u00e9rence pr\u00e9sent\u00e9e au Web2Day par <a href=\"https:\/\/web2day.co\/2017\/speakers\/stephane-dussarps\/\" target=\"_blank\" rel=\"noopener noreferrer\">St\u00e9phane Dussarps<\/a> et <a href=\"https:\/\/web2day.co\/speakers\/pierre-peybernes\/\" target=\"_blank\" rel=\"noopener noreferrer\">Pierre Peybernes<\/a>.<\/p>\n<p style=\"text-align: center;\">[su_button url=\u00a0\u00bbhttps:\/\/blog.kaliop.com\/blog\/2018\/08\/02\/nouveautes-web2day-2018\/\u00a0\u00bb target=\u00a0\u00bbblank\u00a0\u00bb background=\u00a0\u00bb#fc4c02&Prime; size=\u00a0\u00bb7&Prime;]La Kaliop Team au Web2Day[\/su_button]<\/p>\n<p>[\/su_box]<\/p>\n","protected":false},"excerpt":{"rendered":"<p>Pour cette ann\u00e9e 2018,\u00a0Getty Images nous \u00e9claire sur les tendances visuelles qui se dessinent. En analysant les mots-cl\u00e9s utilis\u00e9s sur leur site par des professionnels du secteur, une \u00e9quipe d\u2019analystes a pu mettre en lumi\u00e8re trois tendances phares. Ainsi, 2018 se verra \u00eatre l\u2019av\u00e8nement d\u2019une \u201cRenaissance contemporaine\u201d, d\u2019un \u201cR\u00e9alisme conceptuel\u201d et d\u2019un \u201cMasculin (re)compos\u00e9\u201d. &nbsp; [&hellip;]<\/p>\n","protected":false},"author":22,"featured_media":19601,"comment_status":"open","ping_status":"open","sticky":false,"template":"","format":"standard","meta":{"content-type":"","inline_featured_image":false},"categories":[1],"tags":[],"yoast_head":"<!-- This site is optimized with the Yoast SEO plugin v19.8 - https:\/\/yoast.com\/wordpress\/plugins\/seo\/ -->\n<title>Tendances visuelles : comment se d\u00e9marquer en 2018 ? - Blog<\/title>\n<meta name=\"description\" content=\"Pour cette ann\u00e9e 2018,\u00a0Getty Images nous \u00e9claire sur les tendances visuelles qui se dessinent. En analysant les mots-cl\u00e9s utilis\u00e9s sur leur site par des professionnels du secteur, une \u00e9quipe d\u2019analystes a pu mettre en lumi\u00e8re trois tendances phares.\" \/>\n<meta name=\"robots\" content=\"index, follow, max-snippet:-1, max-image-preview:large, max-video-preview:-1\" \/>\n<link rel=\"canonical\" href=\"https:\/\/www.kaliop.com\/fr\/tendances-visuelles-web2day-2018\/\" \/>\n<meta property=\"og:locale\" content=\"fr_FR\" \/>\n<meta property=\"og:type\" content=\"article\" \/>\n<meta property=\"og:title\" content=\"Tendances visuelles : comment se d\u00e9marquer en 2018 ? - Blog\" \/>\n<meta property=\"og:description\" content=\"Pour cette ann\u00e9e 2018,\u00a0Getty Images nous \u00e9claire sur les tendances visuelles qui se dessinent. En analysant les mots-cl\u00e9s utilis\u00e9s sur leur site par des professionnels du secteur, une \u00e9quipe d\u2019analystes a pu mettre en lumi\u00e8re trois tendances phares.\" \/>\n<meta property=\"og:url\" content=\"https:\/\/www.kaliop.com\/fr\/tendances-visuelles-web2day-2018\/\" \/>\n<meta property=\"article:published_time\" content=\"2018-08-24T15:53:29+00:00\" \/>\n<meta property=\"article:modified_time\" content=\"2020-01-07T12:30:47+00:00\" \/>\n<meta property=\"og:image\" content=\"https:\/\/www.kaliop.com\/app\/uploads\/2018\/08\/photo-1523467327888-a8a445992901.jpg\" \/>\n\t<meta property=\"og:image:width\" content=\"400\" \/>\n\t<meta property=\"og:image:height\" content=\"267\" \/>\n\t<meta property=\"og:image:type\" content=\"image\/jpeg\" \/>\n<meta name=\"author\" content=\"Chrystelle Liauzun\" \/>\n<meta name=\"twitter:card\" content=\"summary_large_image\" \/>\n<meta name=\"twitter:label1\" content=\"Written by\" \/>\n\t<meta name=\"twitter:data1\" content=\"Chrystelle Liauzun\" \/>\n\t<meta name=\"twitter:label2\" content=\"Est. reading time\" \/>\n\t<meta name=\"twitter:data2\" content=\"5 minutes\" \/>\n<script type=\"application\/ld+json\" class=\"yoast-schema-graph\">{\"@context\":\"https:\/\/schema.org\",\"@graph\":[{\"@type\":\"WebPage\",\"@id\":\"https:\/\/www.kaliop.com\/fr\/tendances-visuelles-web2day-2018\/\",\"url\":\"https:\/\/www.kaliop.com\/fr\/tendances-visuelles-web2day-2018\/\",\"name\":\"Tendances visuelles : comment se d\u00e9marquer en 2018 ? - Blog\",\"isPartOf\":{\"@id\":\"https:\/\/www.kaliop.com\/fr\/#website\"},\"datePublished\":\"2018-08-24T15:53:29+00:00\",\"dateModified\":\"2020-01-07T12:30:47+00:00\",\"author\":{\"@id\":\"https:\/\/www.kaliop.com\/fr\/#\/schema\/person\/18b41d900ee7c86e54aade8e504b3b4c\"},\"description\":\"Pour cette ann\u00e9e 2018,\u00a0Getty Images nous \u00e9claire sur les tendances visuelles qui se dessinent. En analysant les mots-cl\u00e9s utilis\u00e9s sur leur site par des professionnels du secteur, une \u00e9quipe d\u2019analystes a pu mettre en lumi\u00e8re trois tendances phares.\",\"breadcrumb\":{\"@id\":\"https:\/\/www.kaliop.com\/fr\/tendances-visuelles-web2day-2018\/#breadcrumb\"},\"inLanguage\":\"fr-FR\",\"potentialAction\":[{\"@type\":\"ReadAction\",\"target\":[\"https:\/\/www.kaliop.com\/fr\/tendances-visuelles-web2day-2018\/\"]}]},{\"@type\":\"BreadcrumbList\",\"@id\":\"https:\/\/www.kaliop.com\/fr\/tendances-visuelles-web2day-2018\/#breadcrumb\",\"itemListElement\":[{\"@type\":\"ListItem\",\"position\":1,\"name\":\"Home\",\"item\":\"https:\/\/www.kaliop.com\/fr\/\"},{\"@type\":\"ListItem\",\"position\":2,\"name\":\"Tendances visuelles : comment se d\u00e9marquer en 2018 ?\"}]},{\"@type\":\"WebSite\",\"@id\":\"https:\/\/www.kaliop.com\/fr\/#website\",\"url\":\"https:\/\/www.kaliop.com\/fr\/\",\"name\":\"\",\"description\":\"\",\"potentialAction\":[{\"@type\":\"SearchAction\",\"target\":{\"@type\":\"EntryPoint\",\"urlTemplate\":\"https:\/\/www.kaliop.com\/fr\/?s={search_term_string}\"},\"query-input\":\"required name=search_term_string\"}],\"inLanguage\":\"fr-FR\"},{\"@type\":\"Person\",\"@id\":\"https:\/\/www.kaliop.com\/fr\/#\/schema\/person\/18b41d900ee7c86e54aade8e504b3b4c\",\"name\":\"Chrystelle Liauzun\",\"image\":{\"@type\":\"ImageObject\",\"inLanguage\":\"fr-FR\",\"@id\":\"https:\/\/www.kaliop.com\/fr\/#\/schema\/person\/image\/\",\"url\":\"https:\/\/www.kaliop.com\/app\/uploads\/2018\/08\/Chrystelle-Liauzun.jpg\",\"contentUrl\":\"https:\/\/www.kaliop.com\/app\/uploads\/2018\/08\/Chrystelle-Liauzun.jpg\",\"caption\":\"Chrystelle Liauzun\"},\"description\":\"[fr]Amoureuse de l\u2019esth\u00e9tisme et du sens du d\u00e9tail, je m\u2019inspire et me nourris des tendances visuelles pour cultiver mon univers graphique.[\/fr]\"}]}<\/script>\n<!-- \/ Yoast SEO plugin. -->","yoast_head_json":{"title":"Tendances visuelles : comment se d\u00e9marquer en 2018 ? - Blog","description":"Pour cette ann\u00e9e 2018,\u00a0Getty Images nous \u00e9claire sur les tendances visuelles qui se dessinent. En analysant les mots-cl\u00e9s utilis\u00e9s sur leur site par des professionnels du secteur, une \u00e9quipe d\u2019analystes a pu mettre en lumi\u00e8re trois tendances phares.","robots":{"index":"index","follow":"follow","max-snippet":"max-snippet:-1","max-image-preview":"max-image-preview:large","max-video-preview":"max-video-preview:-1"},"canonical":"https:\/\/www.kaliop.com\/fr\/tendances-visuelles-web2day-2018\/","og_locale":"fr_FR","og_type":"article","og_title":"Tendances visuelles : comment se d\u00e9marquer en 2018 ? - Blog","og_description":"Pour cette ann\u00e9e 2018,\u00a0Getty Images nous \u00e9claire sur les tendances visuelles qui se dessinent. En analysant les mots-cl\u00e9s utilis\u00e9s sur leur site par des professionnels du secteur, une \u00e9quipe d\u2019analystes a pu mettre en lumi\u00e8re trois tendances phares.","og_url":"https:\/\/www.kaliop.com\/fr\/tendances-visuelles-web2day-2018\/","article_published_time":"2018-08-24T15:53:29+00:00","article_modified_time":"2020-01-07T12:30:47+00:00","og_image":[{"width":400,"height":267,"url":"https:\/\/www.kaliop.com\/app\/uploads\/2018\/08\/photo-1523467327888-a8a445992901.jpg","type":"image\/jpeg"}],"author":"Chrystelle Liauzun","twitter_card":"summary_large_image","twitter_misc":{"Written by":"Chrystelle Liauzun","Est. reading time":"5 minutes"},"schema":{"@context":"https:\/\/schema.org","@graph":[{"@type":"WebPage","@id":"https:\/\/www.kaliop.com\/fr\/tendances-visuelles-web2day-2018\/","url":"https:\/\/www.kaliop.com\/fr\/tendances-visuelles-web2day-2018\/","name":"Tendances visuelles : comment se d\u00e9marquer en 2018 ? - Blog","isPartOf":{"@id":"https:\/\/www.kaliop.com\/fr\/#website"},"datePublished":"2018-08-24T15:53:29+00:00","dateModified":"2020-01-07T12:30:47+00:00","author":{"@id":"https:\/\/www.kaliop.com\/fr\/#\/schema\/person\/18b41d900ee7c86e54aade8e504b3b4c"},"description":"Pour cette ann\u00e9e 2018,\u00a0Getty Images nous \u00e9claire sur les tendances visuelles qui se dessinent. En analysant les mots-cl\u00e9s utilis\u00e9s sur leur site par des professionnels du secteur, une \u00e9quipe d\u2019analystes a pu mettre en lumi\u00e8re trois tendances phares.","breadcrumb":{"@id":"https:\/\/www.kaliop.com\/fr\/tendances-visuelles-web2day-2018\/#breadcrumb"},"inLanguage":"fr-FR","potentialAction":[{"@type":"ReadAction","target":["https:\/\/www.kaliop.com\/fr\/tendances-visuelles-web2day-2018\/"]}]},{"@type":"BreadcrumbList","@id":"https:\/\/www.kaliop.com\/fr\/tendances-visuelles-web2day-2018\/#breadcrumb","itemListElement":[{"@type":"ListItem","position":1,"name":"Home","item":"https:\/\/www.kaliop.com\/fr\/"},{"@type":"ListItem","position":2,"name":"Tendances visuelles : comment se d\u00e9marquer en 2018 ?"}]},{"@type":"WebSite","@id":"https:\/\/www.kaliop.com\/fr\/#website","url":"https:\/\/www.kaliop.com\/fr\/","name":"","description":"","potentialAction":[{"@type":"SearchAction","target":{"@type":"EntryPoint","urlTemplate":"https:\/\/www.kaliop.com\/fr\/?s={search_term_string}"},"query-input":"required name=search_term_string"}],"inLanguage":"fr-FR"},{"@type":"Person","@id":"https:\/\/www.kaliop.com\/fr\/#\/schema\/person\/18b41d900ee7c86e54aade8e504b3b4c","name":"Chrystelle Liauzun","image":{"@type":"ImageObject","inLanguage":"fr-FR","@id":"https:\/\/www.kaliop.com\/fr\/#\/schema\/person\/image\/","url":"https:\/\/www.kaliop.com\/app\/uploads\/2018\/08\/Chrystelle-Liauzun.jpg","contentUrl":"https:\/\/www.kaliop.com\/app\/uploads\/2018\/08\/Chrystelle-Liauzun.jpg","caption":"Chrystelle Liauzun"},"description":"[fr]Amoureuse de l\u2019esth\u00e9tisme et du sens du d\u00e9tail, je m\u2019inspire et me nourris des tendances visuelles pour cultiver mon univers graphique.[\/fr]"}]}},"_links":{"self":[{"href":"https:\/\/www.kaliop.com\/fr\/wp-json\/wp\/v2\/posts\/17044"}],"collection":[{"href":"https:\/\/www.kaliop.com\/fr\/wp-json\/wp\/v2\/posts"}],"about":[{"href":"https:\/\/www.kaliop.com\/fr\/wp-json\/wp\/v2\/types\/post"}],"author":[{"embeddable":true,"href":"https:\/\/www.kaliop.com\/fr\/wp-json\/wp\/v2\/users\/22"}],"replies":[{"embeddable":true,"href":"https:\/\/www.kaliop.com\/fr\/wp-json\/wp\/v2\/comments?post=17044"}],"version-history":[{"count":24,"href":"https:\/\/www.kaliop.com\/fr\/wp-json\/wp\/v2\/posts\/17044\/revisions"}],"predecessor-version":[{"id":19862,"href":"https:\/\/www.kaliop.com\/fr\/wp-json\/wp\/v2\/posts\/17044\/revisions\/19862"}],"wp:featuredmedia":[{"embeddable":true,"href":"https:\/\/www.kaliop.com\/fr\/wp-json\/wp\/v2\/media\/19601"}],"wp:attachment":[{"href":"https:\/\/www.kaliop.com\/fr\/wp-json\/wp\/v2\/media?parent=17044"}],"wp:term":[{"taxonomy":"category","embeddable":true,"href":"https:\/\/www.kaliop.com\/fr\/wp-json\/wp\/v2\/categories?post=17044"},{"taxonomy":"post_tag","embeddable":true,"href":"https:\/\/www.kaliop.com\/fr\/wp-json\/wp\/v2\/tags?post=17044"}],"curies":[{"name":"wp","href":"https:\/\/api.w.org\/{rel}","templated":true}]}}