{"id":22598,"date":"2018-09-17T09:39:36","date_gmt":"2018-09-17T09:39:36","guid":{"rendered":"https:\/\/www.kaliop.com\/\/?p=22598"},"modified":"2020-04-16T15:35:45","modified_gmt":"2020-04-16T15:35:45","slug":"blog-social-media-et-b2b-un-webinar-en-partenariat-avec-lebg","status":"publish","type":"post","link":"https:\/\/www.kaliop.com\/fr\/blog-social-media-et-b2b-un-webinar-en-partenariat-avec-lebg\/","title":{"rendered":"Social Media et B2B, un webinar en partenariat avec l&rsquo;EBG"},"content":{"rendered":"","protected":false},"excerpt":{"rendered":"","protected":false},"author":49,"featured_media":22601,"comment_status":"open","ping_status":"open","sticky":false,"template":"","format":"standard","meta":{"content-type":"","inline_featured_image":false},"categories":[1],"tags":[],"yoast_head":"<!-- This site is optimized with the Yoast SEO plugin v19.8 - https:\/\/yoast.com\/wordpress\/plugins\/seo\/ -->\n<title>Social Media et B2B, un webinar en partenariat avec l&#039;EBG - Blog<\/title>\n<meta name=\"description\" content=\"Pourquoi Social Media et B2B fonctionnent bien ensemble ? La r\u00e9ponse dans ce webinar : d\u00e9couvrez les meilleures strat\u00e9gies \u00e0 mettre en place.\" \/>\n<meta name=\"robots\" content=\"index, follow, max-snippet:-1, max-image-preview:large, max-video-preview:-1\" \/>\n<link rel=\"canonical\" href=\"https:\/\/www.kaliop.com\/fr\/blog-social-media-et-b2b-un-webinar-en-partenariat-avec-lebg\/\" \/>\n<meta property=\"og:locale\" content=\"fr_FR\" \/>\n<meta property=\"og:type\" content=\"article\" \/>\n<meta property=\"og:title\" content=\"Social Media et B2B, un webinar en partenariat avec l&#039;EBG - Blog\" \/>\n<meta property=\"og:description\" content=\"Pourquoi Social Media et B2B fonctionnent bien ensemble ? La r\u00e9ponse dans ce webinar : d\u00e9couvrez les meilleures strat\u00e9gies \u00e0 mettre en place.\" \/>\n<meta property=\"og:url\" content=\"https:\/\/www.kaliop.com\/fr\/blog-social-media-et-b2b-un-webinar-en-partenariat-avec-lebg\/\" \/>\n<meta property=\"article:published_time\" content=\"2018-09-17T09:39:36+00:00\" \/>\n<meta property=\"article:modified_time\" content=\"2020-04-16T15:35:45+00:00\" \/>\n<meta property=\"og:image\" content=\"https:\/\/www.kaliop.com\/app\/uploads\/2019\/12\/social-media-et-b2b.jpg\" \/>\n\t<meta property=\"og:image:width\" content=\"1336\" \/>\n\t<meta property=\"og:image:height\" content=\"909\" \/>\n\t<meta property=\"og:image:type\" content=\"image\/jpeg\" \/>\n<meta name=\"author\" content=\"Vicent Vandevelde\" \/>\n<meta name=\"twitter:card\" content=\"summary_large_image\" \/>\n<meta name=\"twitter:label1\" content=\"Written by\" \/>\n\t<meta name=\"twitter:data1\" content=\"Vicent Vandevelde\" \/>\n<script type=\"application\/ld+json\" class=\"yoast-schema-graph\">{\"@context\":\"https:\/\/schema.org\",\"@graph\":[{\"@type\":\"WebPage\",\"@id\":\"https:\/\/www.kaliop.com\/fr\/blog-social-media-et-b2b-un-webinar-en-partenariat-avec-lebg\/\",\"url\":\"https:\/\/www.kaliop.com\/fr\/blog-social-media-et-b2b-un-webinar-en-partenariat-avec-lebg\/\",\"name\":\"Social Media et B2B, un webinar en partenariat avec l'EBG - Blog\",\"isPartOf\":{\"@id\":\"https:\/\/www.kaliop.com\/fr\/#website\"},\"datePublished\":\"2018-09-17T09:39:36+00:00\",\"dateModified\":\"2020-04-16T15:35:45+00:00\",\"author\":{\"@id\":\"https:\/\/www.kaliop.com\/fr\/#\/schema\/person\/1cd67c8ff424c49231a9223579a52e6e\"},\"description\":\"Pourquoi Social Media et B2B fonctionnent bien ensemble ? La r\u00e9ponse dans ce webinar : d\u00e9couvrez les meilleures strat\u00e9gies \u00e0 mettre en place.\",\"breadcrumb\":{\"@id\":\"https:\/\/www.kaliop.com\/fr\/blog-social-media-et-b2b-un-webinar-en-partenariat-avec-lebg\/#breadcrumb\"},\"inLanguage\":\"fr-FR\",\"potentialAction\":[{\"@type\":\"ReadAction\",\"target\":[\"https:\/\/www.kaliop.com\/fr\/blog-social-media-et-b2b-un-webinar-en-partenariat-avec-lebg\/\"]}]},{\"@type\":\"BreadcrumbList\",\"@id\":\"https:\/\/www.kaliop.com\/fr\/blog-social-media-et-b2b-un-webinar-en-partenariat-avec-lebg\/#breadcrumb\",\"itemListElement\":[{\"@type\":\"ListItem\",\"position\":1,\"name\":\"Home\",\"item\":\"https:\/\/www.kaliop.com\/fr\/\"},{\"@type\":\"ListItem\",\"position\":2,\"name\":\"Social Media et B2B, un webinar en partenariat avec l&rsquo;EBG\"}]},{\"@type\":\"WebSite\",\"@id\":\"https:\/\/www.kaliop.com\/fr\/#website\",\"url\":\"https:\/\/www.kaliop.com\/fr\/\",\"name\":\"\",\"description\":\"\",\"potentialAction\":[{\"@type\":\"SearchAction\",\"target\":{\"@type\":\"EntryPoint\",\"urlTemplate\":\"https:\/\/www.kaliop.com\/fr\/?s={search_term_string}\"},\"query-input\":\"required name=search_term_string\"}],\"inLanguage\":\"fr-FR\"},{\"@type\":\"Person\",\"@id\":\"https:\/\/www.kaliop.com\/fr\/#\/schema\/person\/1cd67c8ff424c49231a9223579a52e6e\",\"name\":\"Vicent Vandevelde\",\"image\":{\"@type\":\"ImageObject\",\"inLanguage\":\"fr-FR\",\"@id\":\"https:\/\/www.kaliop.com\/fr\/#\/schema\/person\/image\/\",\"url\":\"https:\/\/www.kaliop.com\/app\/uploads\/2019\/12\/VincentVandevelde-150x150.jpg\",\"contentUrl\":\"https:\/\/www.kaliop.com\/app\/uploads\/2019\/12\/VincentVandevelde-150x150.jpg\",\"caption\":\"Vicent Vandevelde\"},\"description\":\"[fr]Vincent est expert en Communication et Marketing digital. Il est \u00e0 l'origine de la cr\u00e9ation de l'entit\u00e9 webmarketing du groupe Kaliop.[\/fr]\"}]}<\/script>\n<!-- \/ Yoast SEO plugin. -->","yoast_head_json":{"title":"Social Media et B2B, un webinar en partenariat avec l'EBG - Blog","description":"Pourquoi Social Media et B2B fonctionnent bien ensemble ? La r\u00e9ponse dans ce webinar : d\u00e9couvrez les meilleures strat\u00e9gies \u00e0 mettre en place.","robots":{"index":"index","follow":"follow","max-snippet":"max-snippet:-1","max-image-preview":"max-image-preview:large","max-video-preview":"max-video-preview:-1"},"canonical":"https:\/\/www.kaliop.com\/fr\/blog-social-media-et-b2b-un-webinar-en-partenariat-avec-lebg\/","og_locale":"fr_FR","og_type":"article","og_title":"Social Media et B2B, un webinar en partenariat avec l'EBG - Blog","og_description":"Pourquoi Social Media et B2B fonctionnent bien ensemble ? La r\u00e9ponse dans ce webinar : d\u00e9couvrez les meilleures strat\u00e9gies \u00e0 mettre en place.","og_url":"https:\/\/www.kaliop.com\/fr\/blog-social-media-et-b2b-un-webinar-en-partenariat-avec-lebg\/","article_published_time":"2018-09-17T09:39:36+00:00","article_modified_time":"2020-04-16T15:35:45+00:00","og_image":[{"width":1336,"height":909,"url":"https:\/\/www.kaliop.com\/app\/uploads\/2019\/12\/social-media-et-b2b.jpg","type":"image\/jpeg"}],"author":"Vicent Vandevelde","twitter_card":"summary_large_image","twitter_misc":{"Written by":"Vicent Vandevelde"},"schema":{"@context":"https:\/\/schema.org","@graph":[{"@type":"WebPage","@id":"https:\/\/www.kaliop.com\/fr\/blog-social-media-et-b2b-un-webinar-en-partenariat-avec-lebg\/","url":"https:\/\/www.kaliop.com\/fr\/blog-social-media-et-b2b-un-webinar-en-partenariat-avec-lebg\/","name":"Social Media et B2B, un webinar en partenariat avec l'EBG - Blog","isPartOf":{"@id":"https:\/\/www.kaliop.com\/fr\/#website"},"datePublished":"2018-09-17T09:39:36+00:00","dateModified":"2020-04-16T15:35:45+00:00","author":{"@id":"https:\/\/www.kaliop.com\/fr\/#\/schema\/person\/1cd67c8ff424c49231a9223579a52e6e"},"description":"Pourquoi Social Media et B2B fonctionnent bien ensemble ? La r\u00e9ponse dans ce webinar : d\u00e9couvrez les meilleures strat\u00e9gies \u00e0 mettre en place.","breadcrumb":{"@id":"https:\/\/www.kaliop.com\/fr\/blog-social-media-et-b2b-un-webinar-en-partenariat-avec-lebg\/#breadcrumb"},"inLanguage":"fr-FR","potentialAction":[{"@type":"ReadAction","target":["https:\/\/www.kaliop.com\/fr\/blog-social-media-et-b2b-un-webinar-en-partenariat-avec-lebg\/"]}]},{"@type":"BreadcrumbList","@id":"https:\/\/www.kaliop.com\/fr\/blog-social-media-et-b2b-un-webinar-en-partenariat-avec-lebg\/#breadcrumb","itemListElement":[{"@type":"ListItem","position":1,"name":"Home","item":"https:\/\/www.kaliop.com\/fr\/"},{"@type":"ListItem","position":2,"name":"Social Media et B2B, un webinar en partenariat avec l&rsquo;EBG"}]},{"@type":"WebSite","@id":"https:\/\/www.kaliop.com\/fr\/#website","url":"https:\/\/www.kaliop.com\/fr\/","name":"","description":"","potentialAction":[{"@type":"SearchAction","target":{"@type":"EntryPoint","urlTemplate":"https:\/\/www.kaliop.com\/fr\/?s={search_term_string}"},"query-input":"required name=search_term_string"}],"inLanguage":"fr-FR"},{"@type":"Person","@id":"https:\/\/www.kaliop.com\/fr\/#\/schema\/person\/1cd67c8ff424c49231a9223579a52e6e","name":"Vicent Vandevelde","image":{"@type":"ImageObject","inLanguage":"fr-FR","@id":"https:\/\/www.kaliop.com\/fr\/#\/schema\/person\/image\/","url":"https:\/\/www.kaliop.com\/app\/uploads\/2019\/12\/VincentVandevelde-150x150.jpg","contentUrl":"https:\/\/www.kaliop.com\/app\/uploads\/2019\/12\/VincentVandevelde-150x150.jpg","caption":"Vicent Vandevelde"},"description":"[fr]Vincent est expert en Communication et Marketing digital. Il est \u00e0 l'origine de la cr\u00e9ation de l'entit\u00e9 webmarketing du groupe Kaliop.[\/fr]"}]}},"_links":{"self":[{"href":"https:\/\/www.kaliop.com\/fr\/wp-json\/wp\/v2\/posts\/22598"}],"collection":[{"href":"https:\/\/www.kaliop.com\/fr\/wp-json\/wp\/v2\/posts"}],"about":[{"href":"https:\/\/www.kaliop.com\/fr\/wp-json\/wp\/v2\/types\/post"}],"author":[{"embeddable":true,"href":"https:\/\/www.kaliop.com\/fr\/wp-json\/wp\/v2\/users\/49"}],"replies":[{"embeddable":true,"href":"https:\/\/www.kaliop.com\/fr\/wp-json\/wp\/v2\/comments?post=22598"}],"version-history":[{"count":7,"href":"https:\/\/www.kaliop.com\/fr\/wp-json\/wp\/v2\/posts\/22598\/revisions"}],"predecessor-version":[{"id":28660,"href":"https:\/\/www.kaliop.com\/fr\/wp-json\/wp\/v2\/posts\/22598\/revisions\/28660"}],"wp:featuredmedia":[{"embeddable":true,"href":"https:\/\/www.kaliop.com\/fr\/wp-json\/wp\/v2\/media\/22601"}],"wp:attachment":[{"href":"https:\/\/www.kaliop.com\/fr\/wp-json\/wp\/v2\/media?parent=22598"}],"wp:term":[{"taxonomy":"category","embeddable":true,"href":"https:\/\/www.kaliop.com\/fr\/wp-json\/wp\/v2\/categories?post=22598"},{"taxonomy":"post_tag","embeddable":true,"href":"https:\/\/www.kaliop.com\/fr\/wp-json\/wp\/v2\/tags?post=22598"}],"curies":[{"name":"wp","href":"https:\/\/api.w.org\/{rel}","templated":true}]}}