{"id":27654,"date":"2020-02-21T17:15:32","date_gmt":"2020-02-21T17:15:32","guid":{"rendered":"https:\/\/www.kaliop.com\/\/?p=27654"},"modified":"2020-10-15T14:05:33","modified_gmt":"2020-10-15T14:05:33","slug":"marketing-digital-lmi","status":"publish","type":"post","link":"https:\/\/www.kaliop.com\/fr\/marketing-digital-lmi\/","title":{"rendered":"Marketing digital : retrouvez Kaliop \u00e0 la matin\u00e9e d\u00e9bat du Monde Informatique"},"content":{"rendered":"","protected":false},"excerpt":{"rendered":"","protected":false},"author":7,"featured_media":27795,"comment_status":"open","ping_status":"open","sticky":false,"template":"","format":"standard","meta":{"content-type":"","inline_featured_image":false},"categories":[1],"tags":[],"yoast_head":"<!-- This site is optimized with the Yoast SEO plugin v19.8 - https:\/\/yoast.com\/wordpress\/plugins\/seo\/ -->\n<title>Marketing digital : retrouvez Kaliop \u00e0 la conf\u00e9rence du Monde Informatique<\/title>\n<meta name=\"description\" content=\"Cette ann\u00e9e, Kaliop se rend \u00e0 Paris pour participer au d\u00e9bat du Monde Informatique, le 3 mars au Centre d&#039;affaires Trocad\u00e9ro Paris.\" \/>\n<meta name=\"robots\" content=\"index, follow, max-snippet:-1, max-image-preview:large, max-video-preview:-1\" \/>\n<link rel=\"canonical\" href=\"https:\/\/www.kaliop.com\/fr\/marketing-digital-lmi\/\" \/>\n<meta property=\"og:locale\" content=\"fr_FR\" \/>\n<meta property=\"og:type\" content=\"article\" \/>\n<meta property=\"og:title\" content=\"Marketing digital : retrouvez Kaliop \u00e0 la conf\u00e9rence du Monde Informatique\" \/>\n<meta property=\"og:description\" content=\"Cette ann\u00e9e, Kaliop se rend \u00e0 Paris pour participer au d\u00e9bat du Monde Informatique, le 3 mars au Centre d&#039;affaires Trocad\u00e9ro Paris.\" \/>\n<meta property=\"og:url\" content=\"https:\/\/www.kaliop.com\/fr\/marketing-digital-lmi\/\" \/>\n<meta property=\"article:published_time\" content=\"2020-02-21T17:15:32+00:00\" \/>\n<meta property=\"article:modified_time\" content=\"2020-10-15T14:05:33+00:00\" \/>\n<meta property=\"og:image\" content=\"https:\/\/www.kaliop.com\/app\/uploads\/2020\/02\/Bloc-News-6.png\" \/>\n\t<meta property=\"og:image:width\" content=\"622\" \/>\n\t<meta property=\"og:image:height\" content=\"415\" \/>\n\t<meta property=\"og:image:type\" content=\"image\/png\" \/>\n<meta name=\"author\" content=\"mdestours\" \/>\n<meta name=\"twitter:card\" content=\"summary_large_image\" \/>\n<meta name=\"twitter:label1\" content=\"Written by\" \/>\n\t<meta name=\"twitter:data1\" content=\"mdestours\" \/>\n<script type=\"application\/ld+json\" class=\"yoast-schema-graph\">{\"@context\":\"https:\/\/schema.org\",\"@graph\":[{\"@type\":\"WebPage\",\"@id\":\"https:\/\/www.kaliop.com\/fr\/marketing-digital-lmi\/\",\"url\":\"https:\/\/www.kaliop.com\/fr\/marketing-digital-lmi\/\",\"name\":\"Marketing digital : retrouvez Kaliop \u00e0 la conf\u00e9rence du Monde Informatique\",\"isPartOf\":{\"@id\":\"https:\/\/www.kaliop.com\/fr\/#website\"},\"datePublished\":\"2020-02-21T17:15:32+00:00\",\"dateModified\":\"2020-10-15T14:05:33+00:00\",\"author\":{\"@id\":\"https:\/\/www.kaliop.com\/fr\/#\/schema\/person\/a4f07defea2578a4762074c90dc6eb45\"},\"description\":\"Cette ann\u00e9e, Kaliop se rend \u00e0 Paris pour participer au d\u00e9bat du Monde Informatique, le 3 mars au Centre d'affaires Trocad\u00e9ro Paris.\",\"breadcrumb\":{\"@id\":\"https:\/\/www.kaliop.com\/fr\/marketing-digital-lmi\/#breadcrumb\"},\"inLanguage\":\"fr-FR\",\"potentialAction\":[{\"@type\":\"ReadAction\",\"target\":[\"https:\/\/www.kaliop.com\/fr\/marketing-digital-lmi\/\"]}]},{\"@type\":\"BreadcrumbList\",\"@id\":\"https:\/\/www.kaliop.com\/fr\/marketing-digital-lmi\/#breadcrumb\",\"itemListElement\":[{\"@type\":\"ListItem\",\"position\":1,\"name\":\"Home\",\"item\":\"https:\/\/www.kaliop.com\/fr\/\"},{\"@type\":\"ListItem\",\"position\":2,\"name\":\"Marketing digital : retrouvez Kaliop \u00e0 la matin\u00e9e d\u00e9bat du Monde Informatique\"}]},{\"@type\":\"WebSite\",\"@id\":\"https:\/\/www.kaliop.com\/fr\/#website\",\"url\":\"https:\/\/www.kaliop.com\/fr\/\",\"name\":\"\",\"description\":\"\",\"potentialAction\":[{\"@type\":\"SearchAction\",\"target\":{\"@type\":\"EntryPoint\",\"urlTemplate\":\"https:\/\/www.kaliop.com\/fr\/?s={search_term_string}\"},\"query-input\":\"required name=search_term_string\"}],\"inLanguage\":\"fr-FR\"},{\"@type\":\"Person\",\"@id\":\"https:\/\/www.kaliop.com\/fr\/#\/schema\/person\/a4f07defea2578a4762074c90dc6eb45\",\"name\":\"mdestours\",\"image\":{\"@type\":\"ImageObject\",\"inLanguage\":\"fr-FR\",\"@id\":\"https:\/\/www.kaliop.com\/fr\/#\/schema\/person\/image\/\",\"url\":\"https:\/\/www.kaliop.com\/app\/uploads\/2019\/02\/Margaux-Destours.jpg\",\"contentUrl\":\"https:\/\/www.kaliop.com\/app\/uploads\/2019\/02\/Margaux-Destours.jpg\",\"caption\":\"mdestours\"},\"description\":\"[fr]Ayant un go\u00fbt prononc\u00e9 pour les nouvelles technologies, je me suis orient\u00e9e tout naturellement vers la communication digitale : je suis aujourd'hui Assistante Communication Digitale et Marketing chez Kaliop.[\/fr]\"}]}<\/script>\n<!-- \/ Yoast SEO plugin. -->","yoast_head_json":{"title":"Marketing digital : retrouvez Kaliop \u00e0 la conf\u00e9rence du Monde Informatique","description":"Cette ann\u00e9e, Kaliop se rend \u00e0 Paris pour participer au d\u00e9bat du Monde Informatique, le 3 mars au Centre d'affaires Trocad\u00e9ro Paris.","robots":{"index":"index","follow":"follow","max-snippet":"max-snippet:-1","max-image-preview":"max-image-preview:large","max-video-preview":"max-video-preview:-1"},"canonical":"https:\/\/www.kaliop.com\/fr\/marketing-digital-lmi\/","og_locale":"fr_FR","og_type":"article","og_title":"Marketing digital : retrouvez Kaliop \u00e0 la conf\u00e9rence du Monde Informatique","og_description":"Cette ann\u00e9e, Kaliop se rend \u00e0 Paris pour participer au d\u00e9bat du Monde Informatique, le 3 mars au Centre d'affaires Trocad\u00e9ro Paris.","og_url":"https:\/\/www.kaliop.com\/fr\/marketing-digital-lmi\/","article_published_time":"2020-02-21T17:15:32+00:00","article_modified_time":"2020-10-15T14:05:33+00:00","og_image":[{"width":622,"height":415,"url":"https:\/\/www.kaliop.com\/app\/uploads\/2020\/02\/Bloc-News-6.png","type":"image\/png"}],"author":"mdestours","twitter_card":"summary_large_image","twitter_misc":{"Written by":"mdestours"},"schema":{"@context":"https:\/\/schema.org","@graph":[{"@type":"WebPage","@id":"https:\/\/www.kaliop.com\/fr\/marketing-digital-lmi\/","url":"https:\/\/www.kaliop.com\/fr\/marketing-digital-lmi\/","name":"Marketing digital : retrouvez Kaliop \u00e0 la conf\u00e9rence du Monde Informatique","isPartOf":{"@id":"https:\/\/www.kaliop.com\/fr\/#website"},"datePublished":"2020-02-21T17:15:32+00:00","dateModified":"2020-10-15T14:05:33+00:00","author":{"@id":"https:\/\/www.kaliop.com\/fr\/#\/schema\/person\/a4f07defea2578a4762074c90dc6eb45"},"description":"Cette ann\u00e9e, Kaliop se rend \u00e0 Paris pour participer au d\u00e9bat du Monde Informatique, le 3 mars au Centre d'affaires Trocad\u00e9ro Paris.","breadcrumb":{"@id":"https:\/\/www.kaliop.com\/fr\/marketing-digital-lmi\/#breadcrumb"},"inLanguage":"fr-FR","potentialAction":[{"@type":"ReadAction","target":["https:\/\/www.kaliop.com\/fr\/marketing-digital-lmi\/"]}]},{"@type":"BreadcrumbList","@id":"https:\/\/www.kaliop.com\/fr\/marketing-digital-lmi\/#breadcrumb","itemListElement":[{"@type":"ListItem","position":1,"name":"Home","item":"https:\/\/www.kaliop.com\/fr\/"},{"@type":"ListItem","position":2,"name":"Marketing digital : retrouvez Kaliop \u00e0 la matin\u00e9e d\u00e9bat du Monde Informatique"}]},{"@type":"WebSite","@id":"https:\/\/www.kaliop.com\/fr\/#website","url":"https:\/\/www.kaliop.com\/fr\/","name":"","description":"","potentialAction":[{"@type":"SearchAction","target":{"@type":"EntryPoint","urlTemplate":"https:\/\/www.kaliop.com\/fr\/?s={search_term_string}"},"query-input":"required name=search_term_string"}],"inLanguage":"fr-FR"},{"@type":"Person","@id":"https:\/\/www.kaliop.com\/fr\/#\/schema\/person\/a4f07defea2578a4762074c90dc6eb45","name":"mdestours","image":{"@type":"ImageObject","inLanguage":"fr-FR","@id":"https:\/\/www.kaliop.com\/fr\/#\/schema\/person\/image\/","url":"https:\/\/www.kaliop.com\/app\/uploads\/2019\/02\/Margaux-Destours.jpg","contentUrl":"https:\/\/www.kaliop.com\/app\/uploads\/2019\/02\/Margaux-Destours.jpg","caption":"mdestours"},"description":"[fr]Ayant un go\u00fbt prononc\u00e9 pour les nouvelles technologies, je me suis orient\u00e9e tout naturellement vers la communication digitale : je suis aujourd'hui Assistante Communication Digitale et Marketing chez Kaliop.[\/fr]"}]}},"_links":{"self":[{"href":"https:\/\/www.kaliop.com\/fr\/wp-json\/wp\/v2\/posts\/27654"}],"collection":[{"href":"https:\/\/www.kaliop.com\/fr\/wp-json\/wp\/v2\/posts"}],"about":[{"href":"https:\/\/www.kaliop.com\/fr\/wp-json\/wp\/v2\/types\/post"}],"author":[{"embeddable":true,"href":"https:\/\/www.kaliop.com\/fr\/wp-json\/wp\/v2\/users\/7"}],"replies":[{"embeddable":true,"href":"https:\/\/www.kaliop.com\/fr\/wp-json\/wp\/v2\/comments?post=27654"}],"version-history":[{"count":7,"href":"https:\/\/www.kaliop.com\/fr\/wp-json\/wp\/v2\/posts\/27654\/revisions"}],"predecessor-version":[{"id":30544,"href":"https:\/\/www.kaliop.com\/fr\/wp-json\/wp\/v2\/posts\/27654\/revisions\/30544"}],"wp:featuredmedia":[{"embeddable":true,"href":"https:\/\/www.kaliop.com\/fr\/wp-json\/wp\/v2\/media\/27795"}],"wp:attachment":[{"href":"https:\/\/www.kaliop.com\/fr\/wp-json\/wp\/v2\/media?parent=27654"}],"wp:term":[{"taxonomy":"category","embeddable":true,"href":"https:\/\/www.kaliop.com\/fr\/wp-json\/wp\/v2\/categories?post=27654"},{"taxonomy":"post_tag","embeddable":true,"href":"https:\/\/www.kaliop.com\/fr\/wp-json\/wp\/v2\/tags?post=27654"}],"curies":[{"name":"wp","href":"https:\/\/api.w.org\/{rel}","templated":true}]}}