{"id":31138,"date":"2021-01-15T09:58:54","date_gmt":"2021-01-15T09:58:54","guid":{"rendered":"https:\/\/www.kaliop.com\/\/?p=31138"},"modified":"2022-12-09T12:53:27","modified_gmt":"2022-12-09T12:53:27","slug":"relever-le-defi-de-laccessibilite-web-en-2021","status":"publish","type":"post","link":"https:\/\/www.kaliop.com\/fr\/relever-le-defi-de-laccessibilite-web-en-2021\/","title":{"rendered":"Relever le d\u00e9fi de l\u2019accessibilit\u00e9 Web en 2021"},"content":{"rendered":"","protected":false},"excerpt":{"rendered":"","protected":false},"author":72,"featured_media":31139,"comment_status":"open","ping_status":"open","sticky":false,"template":"","format":"standard","meta":{"content-type":"","inline_featured_image":false},"categories":[1],"tags":[],"yoast_head":"<!-- This site is optimized with the Yoast SEO plugin v19.8 - https:\/\/yoast.com\/wordpress\/plugins\/seo\/ -->\n<title>Pourquoi faut-il relever le d\u00e9fi de l&#039;accessibilit\u00e9 en 2021 ?<\/title>\n<meta name=\"description\" content=\"Nous n&#039;avons pas tous les m\u00eames facilit\u00e9s pour acc\u00e9der \u00e0 l&#039;information. Pourquoi l&#039;accessibilit\u00e9 dans le Web est-elle un enjeu capital ?\" \/>\n<meta name=\"robots\" content=\"index, follow, max-snippet:-1, max-image-preview:large, max-video-preview:-1\" \/>\n<link rel=\"canonical\" href=\"https:\/\/www.kaliop.com\/fr\/relever-le-defi-de-laccessibilite-web-en-2021\/\" \/>\n<meta property=\"og:locale\" content=\"fr_FR\" \/>\n<meta property=\"og:type\" content=\"article\" \/>\n<meta property=\"og:title\" content=\"Pourquoi faut-il relever le d\u00e9fi de l&#039;accessibilit\u00e9 en 2021 ?\" \/>\n<meta property=\"og:description\" content=\"Nous n&#039;avons pas tous les m\u00eames facilit\u00e9s pour acc\u00e9der \u00e0 l&#039;information. Pourquoi l&#039;accessibilit\u00e9 dans le Web est-elle un enjeu capital ?\" \/>\n<meta property=\"og:url\" content=\"https:\/\/www.kaliop.com\/fr\/relever-le-defi-de-laccessibilite-web-en-2021\/\" \/>\n<meta property=\"article:published_time\" content=\"2021-01-15T09:58:54+00:00\" \/>\n<meta property=\"article:modified_time\" content=\"2022-12-09T12:53:27+00:00\" \/>\n<meta property=\"og:image\" content=\"https:\/\/www.kaliop.com\/app\/uploads\/2021\/01\/Vignette-BLOG-KALIOP-Partie-4-2-1.png\" \/>\n\t<meta property=\"og:image:width\" content=\"622\" \/>\n\t<meta property=\"og:image:height\" content=\"415\" \/>\n\t<meta property=\"og:image:type\" content=\"image\/png\" \/>\n<meta name=\"author\" content=\"St\u00e9phane Heuz\u00e9\" \/>\n<meta name=\"twitter:card\" content=\"summary_large_image\" \/>\n<meta name=\"twitter:label1\" content=\"Written by\" \/>\n\t<meta name=\"twitter:data1\" content=\"St\u00e9phane Heuz\u00e9\" \/>\n<script type=\"application\/ld+json\" class=\"yoast-schema-graph\">{\"@context\":\"https:\/\/schema.org\",\"@graph\":[{\"@type\":\"WebPage\",\"@id\":\"https:\/\/www.kaliop.com\/fr\/relever-le-defi-de-laccessibilite-web-en-2021\/\",\"url\":\"https:\/\/www.kaliop.com\/fr\/relever-le-defi-de-laccessibilite-web-en-2021\/\",\"name\":\"Pourquoi faut-il relever le d\u00e9fi de l'accessibilit\u00e9 en 2021 ?\",\"isPartOf\":{\"@id\":\"https:\/\/www.kaliop.com\/fr\/#website\"},\"datePublished\":\"2021-01-15T09:58:54+00:00\",\"dateModified\":\"2022-12-09T12:53:27+00:00\",\"author\":{\"@id\":\"https:\/\/www.kaliop.com\/fr\/#\/schema\/person\/3be4695cbd01d2121c8515becc195a9a\"},\"description\":\"Nous n'avons pas tous les m\u00eames facilit\u00e9s pour acc\u00e9der \u00e0 l'information. Pourquoi l'accessibilit\u00e9 dans le Web est-elle un enjeu capital ?\",\"breadcrumb\":{\"@id\":\"https:\/\/www.kaliop.com\/fr\/relever-le-defi-de-laccessibilite-web-en-2021\/#breadcrumb\"},\"inLanguage\":\"fr-FR\",\"potentialAction\":[{\"@type\":\"ReadAction\",\"target\":[\"https:\/\/www.kaliop.com\/fr\/relever-le-defi-de-laccessibilite-web-en-2021\/\"]}]},{\"@type\":\"BreadcrumbList\",\"@id\":\"https:\/\/www.kaliop.com\/fr\/relever-le-defi-de-laccessibilite-web-en-2021\/#breadcrumb\",\"itemListElement\":[{\"@type\":\"ListItem\",\"position\":1,\"name\":\"Home\",\"item\":\"https:\/\/www.kaliop.com\/fr\/\"},{\"@type\":\"ListItem\",\"position\":2,\"name\":\"Relever le d\u00e9fi de l\u2019accessibilit\u00e9 Web en 2021\"}]},{\"@type\":\"WebSite\",\"@id\":\"https:\/\/www.kaliop.com\/fr\/#website\",\"url\":\"https:\/\/www.kaliop.com\/fr\/\",\"name\":\"\",\"description\":\"\",\"potentialAction\":[{\"@type\":\"SearchAction\",\"target\":{\"@type\":\"EntryPoint\",\"urlTemplate\":\"https:\/\/www.kaliop.com\/fr\/?s={search_term_string}\"},\"query-input\":\"required name=search_term_string\"}],\"inLanguage\":\"fr-FR\"},{\"@type\":\"Person\",\"@id\":\"https:\/\/www.kaliop.com\/fr\/#\/schema\/person\/3be4695cbd01d2121c8515becc195a9a\",\"name\":\"St\u00e9phane Heuz\u00e9\",\"image\":{\"@type\":\"ImageObject\",\"inLanguage\":\"fr-FR\",\"@id\":\"https:\/\/www.kaliop.com\/fr\/#\/schema\/person\/image\/\",\"url\":\"https:\/\/www.kaliop.com\/app\/uploads\/2020\/08\/Portrait-verbatim-185-x-185-1-150x150.png\",\"contentUrl\":\"https:\/\/www.kaliop.com\/app\/uploads\/2020\/08\/Portrait-verbatim-185-x-185-1-150x150.png\",\"caption\":\"St\u00e9phane Heuz\u00e9\"},\"description\":\"[fr] B\u00e9b\u00e9 Drupalien en 2014 sur D7, j\u2019ai depuis \u00e9galement pratiqu\u00e9 la version 8, de ses simples sites vitrines \u00e0 de gargantuesques Web Factories. Adepte de la philosophie de la solution, mon r\u00f4le aujourd\u2019hui chez Kaliop est d\u2019\u00eatre un architecte aupr\u00e8s de nos clients afin de b\u00e2tir les solutions les plus performantes dans le temps en utilisant le meilleur de ce que permet le CMS. [\/fr]\"}]}<\/script>\n<!-- \/ Yoast SEO plugin. -->","yoast_head_json":{"title":"Pourquoi faut-il relever le d\u00e9fi de l'accessibilit\u00e9 en 2021 ?","description":"Nous n'avons pas tous les m\u00eames facilit\u00e9s pour acc\u00e9der \u00e0 l'information. Pourquoi l'accessibilit\u00e9 dans le Web est-elle un enjeu capital ?","robots":{"index":"index","follow":"follow","max-snippet":"max-snippet:-1","max-image-preview":"max-image-preview:large","max-video-preview":"max-video-preview:-1"},"canonical":"https:\/\/www.kaliop.com\/fr\/relever-le-defi-de-laccessibilite-web-en-2021\/","og_locale":"fr_FR","og_type":"article","og_title":"Pourquoi faut-il relever le d\u00e9fi de l'accessibilit\u00e9 en 2021 ?","og_description":"Nous n'avons pas tous les m\u00eames facilit\u00e9s pour acc\u00e9der \u00e0 l'information. Pourquoi l'accessibilit\u00e9 dans le Web est-elle un enjeu capital ?","og_url":"https:\/\/www.kaliop.com\/fr\/relever-le-defi-de-laccessibilite-web-en-2021\/","article_published_time":"2021-01-15T09:58:54+00:00","article_modified_time":"2022-12-09T12:53:27+00:00","og_image":[{"width":622,"height":415,"url":"https:\/\/www.kaliop.com\/app\/uploads\/2021\/01\/Vignette-BLOG-KALIOP-Partie-4-2-1.png","type":"image\/png"}],"author":"St\u00e9phane Heuz\u00e9","twitter_card":"summary_large_image","twitter_misc":{"Written by":"St\u00e9phane Heuz\u00e9"},"schema":{"@context":"https:\/\/schema.org","@graph":[{"@type":"WebPage","@id":"https:\/\/www.kaliop.com\/fr\/relever-le-defi-de-laccessibilite-web-en-2021\/","url":"https:\/\/www.kaliop.com\/fr\/relever-le-defi-de-laccessibilite-web-en-2021\/","name":"Pourquoi faut-il relever le d\u00e9fi de l'accessibilit\u00e9 en 2021 ?","isPartOf":{"@id":"https:\/\/www.kaliop.com\/fr\/#website"},"datePublished":"2021-01-15T09:58:54+00:00","dateModified":"2022-12-09T12:53:27+00:00","author":{"@id":"https:\/\/www.kaliop.com\/fr\/#\/schema\/person\/3be4695cbd01d2121c8515becc195a9a"},"description":"Nous n'avons pas tous les m\u00eames facilit\u00e9s pour acc\u00e9der \u00e0 l'information. Pourquoi l'accessibilit\u00e9 dans le Web est-elle un enjeu capital ?","breadcrumb":{"@id":"https:\/\/www.kaliop.com\/fr\/relever-le-defi-de-laccessibilite-web-en-2021\/#breadcrumb"},"inLanguage":"fr-FR","potentialAction":[{"@type":"ReadAction","target":["https:\/\/www.kaliop.com\/fr\/relever-le-defi-de-laccessibilite-web-en-2021\/"]}]},{"@type":"BreadcrumbList","@id":"https:\/\/www.kaliop.com\/fr\/relever-le-defi-de-laccessibilite-web-en-2021\/#breadcrumb","itemListElement":[{"@type":"ListItem","position":1,"name":"Home","item":"https:\/\/www.kaliop.com\/fr\/"},{"@type":"ListItem","position":2,"name":"Relever le d\u00e9fi de l\u2019accessibilit\u00e9 Web en 2021"}]},{"@type":"WebSite","@id":"https:\/\/www.kaliop.com\/fr\/#website","url":"https:\/\/www.kaliop.com\/fr\/","name":"","description":"","potentialAction":[{"@type":"SearchAction","target":{"@type":"EntryPoint","urlTemplate":"https:\/\/www.kaliop.com\/fr\/?s={search_term_string}"},"query-input":"required name=search_term_string"}],"inLanguage":"fr-FR"},{"@type":"Person","@id":"https:\/\/www.kaliop.com\/fr\/#\/schema\/person\/3be4695cbd01d2121c8515becc195a9a","name":"St\u00e9phane Heuz\u00e9","image":{"@type":"ImageObject","inLanguage":"fr-FR","@id":"https:\/\/www.kaliop.com\/fr\/#\/schema\/person\/image\/","url":"https:\/\/www.kaliop.com\/app\/uploads\/2020\/08\/Portrait-verbatim-185-x-185-1-150x150.png","contentUrl":"https:\/\/www.kaliop.com\/app\/uploads\/2020\/08\/Portrait-verbatim-185-x-185-1-150x150.png","caption":"St\u00e9phane Heuz\u00e9"},"description":"[fr] B\u00e9b\u00e9 Drupalien en 2014 sur D7, j\u2019ai depuis \u00e9galement pratiqu\u00e9 la version 8, de ses simples sites vitrines \u00e0 de gargantuesques Web Factories. Adepte de la philosophie de la solution, mon r\u00f4le aujourd\u2019hui chez Kaliop est d\u2019\u00eatre un architecte aupr\u00e8s de nos clients afin de b\u00e2tir les solutions les plus performantes dans le temps en utilisant le meilleur de ce que permet le CMS. [\/fr]"}]}},"_links":{"self":[{"href":"https:\/\/www.kaliop.com\/fr\/wp-json\/wp\/v2\/posts\/31138"}],"collection":[{"href":"https:\/\/www.kaliop.com\/fr\/wp-json\/wp\/v2\/posts"}],"about":[{"href":"https:\/\/www.kaliop.com\/fr\/wp-json\/wp\/v2\/types\/post"}],"author":[{"embeddable":true,"href":"https:\/\/www.kaliop.com\/fr\/wp-json\/wp\/v2\/users\/72"}],"replies":[{"embeddable":true,"href":"https:\/\/www.kaliop.com\/fr\/wp-json\/wp\/v2\/comments?post=31138"}],"version-history":[{"count":11,"href":"https:\/\/www.kaliop.com\/fr\/wp-json\/wp\/v2\/posts\/31138\/revisions"}],"predecessor-version":[{"id":39611,"href":"https:\/\/www.kaliop.com\/fr\/wp-json\/wp\/v2\/posts\/31138\/revisions\/39611"}],"wp:featuredmedia":[{"embeddable":true,"href":"https:\/\/www.kaliop.com\/fr\/wp-json\/wp\/v2\/media\/31139"}],"wp:attachment":[{"href":"https:\/\/www.kaliop.com\/fr\/wp-json\/wp\/v2\/media?parent=31138"}],"wp:term":[{"taxonomy":"category","embeddable":true,"href":"https:\/\/www.kaliop.com\/fr\/wp-json\/wp\/v2\/categories?post=31138"},{"taxonomy":"post_tag","embeddable":true,"href":"https:\/\/www.kaliop.com\/fr\/wp-json\/wp\/v2\/tags?post=31138"}],"curies":[{"name":"wp","href":"https:\/\/api.w.org\/{rel}","templated":true}]}}