{"id":42653,"date":"2023-11-15T10:58:35","date_gmt":"2023-11-15T10:58:35","guid":{"rendered":"https:\/\/www.kaliop.com\/?p=42653"},"modified":"2023-11-15T13:48:14","modified_gmt":"2023-11-15T13:48:14","slug":"rencontre-avec-annabel-directrice-de-projets","status":"publish","type":"post","link":"https:\/\/www.kaliop.com\/fr\/rencontre-avec-annabel-directrice-de-projets\/","title":{"rendered":"Rencontre avec Annabel, Directrice de projets"},"content":{"rendered":"","protected":false},"excerpt":{"rendered":"","protected":false},"author":124,"featured_media":42677,"comment_status":"open","ping_status":"open","sticky":false,"template":"","format":"standard","meta":{"content-type":"","inline_featured_image":false},"categories":[1],"tags":[],"yoast_head":"<!-- This site is optimized with the Yoast SEO plugin v19.8 - https:\/\/yoast.com\/wordpress\/plugins\/seo\/ -->\n<title>Venez \u00e0 la rencontre d&#039;Annabel, Directrice de projets chez Kaliop !<\/title>\n<meta name=\"description\" content=\"C&#039;est avec enthousiasme que nos talents d\u00e9voilent leur parcours et leur vie \u00e0 Kaliop, d\u00e9couvrons ensemble le retour d&#039;exp\u00e9rience d&#039;Annabel.\" \/>\n<meta name=\"robots\" content=\"index, follow, max-snippet:-1, max-image-preview:large, max-video-preview:-1\" \/>\n<link rel=\"canonical\" href=\"https:\/\/www.kaliop.com\/fr\/rencontre-avec-annabel-directrice-de-projets\/\" \/>\n<meta property=\"og:locale\" content=\"fr_FR\" \/>\n<meta property=\"og:type\" content=\"article\" \/>\n<meta property=\"og:title\" content=\"Venez \u00e0 la rencontre d&#039;Annabel, Directrice de projets chez Kaliop !\" \/>\n<meta property=\"og:description\" content=\"C&#039;est avec enthousiasme que nos talents d\u00e9voilent leur parcours et leur vie \u00e0 Kaliop, d\u00e9couvrons ensemble le retour d&#039;exp\u00e9rience d&#039;Annabel.\" \/>\n<meta property=\"og:url\" content=\"https:\/\/www.kaliop.com\/fr\/rencontre-avec-annabel-directrice-de-projets\/\" \/>\n<meta property=\"article:published_time\" content=\"2023-11-15T10:58:35+00:00\" \/>\n<meta property=\"article:modified_time\" content=\"2023-11-15T13:48:14+00:00\" \/>\n<meta property=\"og:image\" content=\"https:\/\/www.kaliop.com\/app\/uploads\/2023\/11\/Vignette-BLOG-KALIOP-partie-4-2.png\" \/>\n\t<meta property=\"og:image:width\" content=\"622\" \/>\n\t<meta property=\"og:image:height\" content=\"415\" \/>\n\t<meta property=\"og:image:type\" content=\"image\/png\" \/>\n<meta name=\"author\" content=\"Chlo\u00e9 Le Bellec\" \/>\n<meta name=\"twitter:card\" content=\"summary_large_image\" \/>\n<meta name=\"twitter:label1\" content=\"Written by\" \/>\n\t<meta name=\"twitter:data1\" content=\"Chlo\u00e9 Le Bellec\" \/>\n<script type=\"application\/ld+json\" class=\"yoast-schema-graph\">{\"@context\":\"https:\/\/schema.org\",\"@graph\":[{\"@type\":\"WebPage\",\"@id\":\"https:\/\/www.kaliop.com\/fr\/rencontre-avec-annabel-directrice-de-projets\/\",\"url\":\"https:\/\/www.kaliop.com\/fr\/rencontre-avec-annabel-directrice-de-projets\/\",\"name\":\"Venez \u00e0 la rencontre d'Annabel, Directrice de projets chez Kaliop !\",\"isPartOf\":{\"@id\":\"https:\/\/www.kaliop.com\/fr\/#website\"},\"datePublished\":\"2023-11-15T10:58:35+00:00\",\"dateModified\":\"2023-11-15T13:48:14+00:00\",\"author\":{\"@id\":\"https:\/\/www.kaliop.com\/fr\/#\/schema\/person\/fdb8057ba5d241abbdc49a5789a34ed2\"},\"description\":\"C'est avec enthousiasme que nos talents d\u00e9voilent leur parcours et leur vie \u00e0 Kaliop, d\u00e9couvrons ensemble le retour d'exp\u00e9rience d'Annabel.\",\"breadcrumb\":{\"@id\":\"https:\/\/www.kaliop.com\/fr\/rencontre-avec-annabel-directrice-de-projets\/#breadcrumb\"},\"inLanguage\":\"fr-FR\",\"potentialAction\":[{\"@type\":\"ReadAction\",\"target\":[\"https:\/\/www.kaliop.com\/fr\/rencontre-avec-annabel-directrice-de-projets\/\"]}]},{\"@type\":\"BreadcrumbList\",\"@id\":\"https:\/\/www.kaliop.com\/fr\/rencontre-avec-annabel-directrice-de-projets\/#breadcrumb\",\"itemListElement\":[{\"@type\":\"ListItem\",\"position\":1,\"name\":\"Home\",\"item\":\"https:\/\/www.kaliop.com\/fr\/\"},{\"@type\":\"ListItem\",\"position\":2,\"name\":\"Rencontre avec Annabel, Directrice de projets\"}]},{\"@type\":\"WebSite\",\"@id\":\"https:\/\/www.kaliop.com\/fr\/#website\",\"url\":\"https:\/\/www.kaliop.com\/fr\/\",\"name\":\"\",\"description\":\"\",\"potentialAction\":[{\"@type\":\"SearchAction\",\"target\":{\"@type\":\"EntryPoint\",\"urlTemplate\":\"https:\/\/www.kaliop.com\/fr\/?s={search_term_string}\"},\"query-input\":\"required name=search_term_string\"}],\"inLanguage\":\"fr-FR\"},{\"@type\":\"Person\",\"@id\":\"https:\/\/www.kaliop.com\/fr\/#\/schema\/person\/fdb8057ba5d241abbdc49a5789a34ed2\",\"name\":\"Chlo\u00e9 Le Bellec\",\"image\":{\"@type\":\"ImageObject\",\"inLanguage\":\"fr-FR\",\"@id\":\"https:\/\/www.kaliop.com\/fr\/#\/schema\/person\/image\/\",\"url\":\"https:\/\/www.kaliop.com\/app\/uploads\/2023\/11\/IMG_9435-2-150x150.jpg\",\"contentUrl\":\"https:\/\/www.kaliop.com\/app\/uploads\/2023\/11\/IMG_9435-2-150x150.jpg\",\"caption\":\"Chlo\u00e9 Le Bellec\"},\"description\":\"[fr] D\u00e9sireuse de mettre en pratique mes connaissances th\u00e9oriques et d\u2019en apprendre davantage dans un environnement sain, j\u2019ai rejoint Kaliop en tant que Charg\u00e9e marketing et communication. [\/fr]\"}]}<\/script>\n<!-- \/ Yoast SEO plugin. -->","yoast_head_json":{"title":"Venez \u00e0 la rencontre d'Annabel, Directrice de projets chez Kaliop !","description":"C'est avec enthousiasme que nos talents d\u00e9voilent leur parcours et leur vie \u00e0 Kaliop, d\u00e9couvrons ensemble le retour d'exp\u00e9rience d'Annabel.","robots":{"index":"index","follow":"follow","max-snippet":"max-snippet:-1","max-image-preview":"max-image-preview:large","max-video-preview":"max-video-preview:-1"},"canonical":"https:\/\/www.kaliop.com\/fr\/rencontre-avec-annabel-directrice-de-projets\/","og_locale":"fr_FR","og_type":"article","og_title":"Venez \u00e0 la rencontre d'Annabel, Directrice de projets chez Kaliop !","og_description":"C'est avec enthousiasme que nos talents d\u00e9voilent leur parcours et leur vie \u00e0 Kaliop, d\u00e9couvrons ensemble le retour d'exp\u00e9rience d'Annabel.","og_url":"https:\/\/www.kaliop.com\/fr\/rencontre-avec-annabel-directrice-de-projets\/","article_published_time":"2023-11-15T10:58:35+00:00","article_modified_time":"2023-11-15T13:48:14+00:00","og_image":[{"width":622,"height":415,"url":"https:\/\/www.kaliop.com\/app\/uploads\/2023\/11\/Vignette-BLOG-KALIOP-partie-4-2.png","type":"image\/png"}],"author":"Chlo\u00e9 Le Bellec","twitter_card":"summary_large_image","twitter_misc":{"Written by":"Chlo\u00e9 Le Bellec"},"schema":{"@context":"https:\/\/schema.org","@graph":[{"@type":"WebPage","@id":"https:\/\/www.kaliop.com\/fr\/rencontre-avec-annabel-directrice-de-projets\/","url":"https:\/\/www.kaliop.com\/fr\/rencontre-avec-annabel-directrice-de-projets\/","name":"Venez \u00e0 la rencontre d'Annabel, Directrice de projets chez Kaliop !","isPartOf":{"@id":"https:\/\/www.kaliop.com\/fr\/#website"},"datePublished":"2023-11-15T10:58:35+00:00","dateModified":"2023-11-15T13:48:14+00:00","author":{"@id":"https:\/\/www.kaliop.com\/fr\/#\/schema\/person\/fdb8057ba5d241abbdc49a5789a34ed2"},"description":"C'est avec enthousiasme que nos talents d\u00e9voilent leur parcours et leur vie \u00e0 Kaliop, d\u00e9couvrons ensemble le retour d'exp\u00e9rience d'Annabel.","breadcrumb":{"@id":"https:\/\/www.kaliop.com\/fr\/rencontre-avec-annabel-directrice-de-projets\/#breadcrumb"},"inLanguage":"fr-FR","potentialAction":[{"@type":"ReadAction","target":["https:\/\/www.kaliop.com\/fr\/rencontre-avec-annabel-directrice-de-projets\/"]}]},{"@type":"BreadcrumbList","@id":"https:\/\/www.kaliop.com\/fr\/rencontre-avec-annabel-directrice-de-projets\/#breadcrumb","itemListElement":[{"@type":"ListItem","position":1,"name":"Home","item":"https:\/\/www.kaliop.com\/fr\/"},{"@type":"ListItem","position":2,"name":"Rencontre avec Annabel, Directrice de projets"}]},{"@type":"WebSite","@id":"https:\/\/www.kaliop.com\/fr\/#website","url":"https:\/\/www.kaliop.com\/fr\/","name":"","description":"","potentialAction":[{"@type":"SearchAction","target":{"@type":"EntryPoint","urlTemplate":"https:\/\/www.kaliop.com\/fr\/?s={search_term_string}"},"query-input":"required name=search_term_string"}],"inLanguage":"fr-FR"},{"@type":"Person","@id":"https:\/\/www.kaliop.com\/fr\/#\/schema\/person\/fdb8057ba5d241abbdc49a5789a34ed2","name":"Chlo\u00e9 Le Bellec","image":{"@type":"ImageObject","inLanguage":"fr-FR","@id":"https:\/\/www.kaliop.com\/fr\/#\/schema\/person\/image\/","url":"https:\/\/www.kaliop.com\/app\/uploads\/2023\/11\/IMG_9435-2-150x150.jpg","contentUrl":"https:\/\/www.kaliop.com\/app\/uploads\/2023\/11\/IMG_9435-2-150x150.jpg","caption":"Chlo\u00e9 Le Bellec"},"description":"[fr] D\u00e9sireuse de mettre en pratique mes connaissances th\u00e9oriques et d\u2019en apprendre davantage dans un environnement sain, j\u2019ai rejoint Kaliop en tant que Charg\u00e9e marketing et communication. [\/fr]"}]}},"_links":{"self":[{"href":"https:\/\/www.kaliop.com\/fr\/wp-json\/wp\/v2\/posts\/42653"}],"collection":[{"href":"https:\/\/www.kaliop.com\/fr\/wp-json\/wp\/v2\/posts"}],"about":[{"href":"https:\/\/www.kaliop.com\/fr\/wp-json\/wp\/v2\/types\/post"}],"author":[{"embeddable":true,"href":"https:\/\/www.kaliop.com\/fr\/wp-json\/wp\/v2\/users\/124"}],"replies":[{"embeddable":true,"href":"https:\/\/www.kaliop.com\/fr\/wp-json\/wp\/v2\/comments?post=42653"}],"version-history":[{"count":5,"href":"https:\/\/www.kaliop.com\/fr\/wp-json\/wp\/v2\/posts\/42653\/revisions"}],"predecessor-version":[{"id":42676,"href":"https:\/\/www.kaliop.com\/fr\/wp-json\/wp\/v2\/posts\/42653\/revisions\/42676"}],"wp:featuredmedia":[{"embeddable":true,"href":"https:\/\/www.kaliop.com\/fr\/wp-json\/wp\/v2\/media\/42677"}],"wp:attachment":[{"href":"https:\/\/www.kaliop.com\/fr\/wp-json\/wp\/v2\/media?parent=42653"}],"wp:term":[{"taxonomy":"category","embeddable":true,"href":"https:\/\/www.kaliop.com\/fr\/wp-json\/wp\/v2\/categories?post=42653"},{"taxonomy":"post_tag","embeddable":true,"href":"https:\/\/www.kaliop.com\/fr\/wp-json\/wp\/v2\/tags?post=42653"}],"curies":[{"name":"wp","href":"https:\/\/api.w.org\/{rel}","templated":true}]}}