{"id":46090,"date":"2025-02-06T08:03:52","date_gmt":"2025-02-06T08:03:52","guid":{"rendered":"https:\/\/www.kaliop.com\/?p=46090"},"modified":"2025-02-11T13:34:49","modified_gmt":"2025-02-11T13:34:49","slug":"cloud-souverain-acteurs-publics","status":"publish","type":"post","link":"https:\/\/www.kaliop.com\/fr\/cloud-souverain-acteurs-publics\/","title":{"rendered":"Cloud Souverain : enjeux strat\u00e9giques pour l&rsquo;ind\u00e9pendance num\u00e9rique des acteurs publics"},"content":{"rendered":"","protected":false},"excerpt":{"rendered":"","protected":false},"author":136,"featured_media":46095,"comment_status":"closed","ping_status":"open","sticky":false,"template":"","format":"standard","meta":{"content-type":"","inline_featured_image":false},"categories":[1],"tags":[],"yoast_head":"<!-- This site is optimized with the Yoast SEO plugin v19.8 - https:\/\/yoast.com\/wordpress\/plugins\/seo\/ -->\n<title>Le Cloud Souverain pour les Acteurs Publics<\/title>\n<meta name=\"description\" content=\"Le cloud souverain s\u2019av\u00e8re une solution id\u00e9ale pour les acteurs publics. D\u00e9couvrez pourquoi il est adapt\u00e9 aux diff\u00e9rents enjeux de ces professionnels.\" \/>\n<meta name=\"robots\" content=\"index, follow, max-snippet:-1, max-image-preview:large, max-video-preview:-1\" \/>\n<link rel=\"canonical\" href=\"https:\/\/www.kaliop.com\/fr\/cloud-souverain-acteurs-publics\/\" \/>\n<meta property=\"og:locale\" content=\"fr_FR\" \/>\n<meta property=\"og:type\" content=\"article\" \/>\n<meta property=\"og:title\" content=\"Le Cloud Souverain pour les Acteurs Publics\" \/>\n<meta property=\"og:description\" content=\"Le cloud souverain s\u2019av\u00e8re une solution id\u00e9ale pour les acteurs publics. D\u00e9couvrez pourquoi il est adapt\u00e9 aux diff\u00e9rents enjeux de ces professionnels.\" \/>\n<meta property=\"og:url\" content=\"https:\/\/www.kaliop.com\/fr\/cloud-souverain-acteurs-publics\/\" \/>\n<meta property=\"article:published_time\" content=\"2025-02-06T08:03:52+00:00\" \/>\n<meta property=\"article:modified_time\" content=\"2025-02-11T13:34:49+00:00\" \/>\n<meta property=\"og:image\" content=\"https:\/\/www.kaliop.com\/app\/uploads\/2025\/01\/post-ressource-Cloud-Souverain.jpg\" \/>\n\t<meta property=\"og:image:width\" content=\"622\" \/>\n\t<meta property=\"og:image:height\" content=\"415\" \/>\n\t<meta property=\"og:image:type\" content=\"image\/jpeg\" \/>\n<meta name=\"author\" content=\"Gr\u00e9goire Bluzat\" \/>\n<meta name=\"twitter:card\" content=\"summary_large_image\" \/>\n<meta name=\"twitter:label1\" content=\"Written by\" \/>\n\t<meta name=\"twitter:data1\" content=\"Gr\u00e9goire Bluzat\" \/>\n<script type=\"application\/ld+json\" class=\"yoast-schema-graph\">{\"@context\":\"https:\/\/schema.org\",\"@graph\":[{\"@type\":\"WebPage\",\"@id\":\"https:\/\/www.kaliop.com\/fr\/cloud-souverain-acteurs-publics\/\",\"url\":\"https:\/\/www.kaliop.com\/fr\/cloud-souverain-acteurs-publics\/\",\"name\":\"Le Cloud Souverain pour les Acteurs Publics\",\"isPartOf\":{\"@id\":\"https:\/\/www.kaliop.com\/fr\/#website\"},\"datePublished\":\"2025-02-06T08:03:52+00:00\",\"dateModified\":\"2025-02-11T13:34:49+00:00\",\"author\":{\"@id\":\"https:\/\/www.kaliop.com\/fr\/#\/schema\/person\/f0ea02dc478fb63d71c75989a331ad05\"},\"description\":\"Le cloud souverain s\u2019av\u00e8re une solution id\u00e9ale pour les acteurs publics. D\u00e9couvrez pourquoi il est adapt\u00e9 aux diff\u00e9rents enjeux de ces professionnels.\",\"breadcrumb\":{\"@id\":\"https:\/\/www.kaliop.com\/fr\/cloud-souverain-acteurs-publics\/#breadcrumb\"},\"inLanguage\":\"fr-FR\",\"potentialAction\":[{\"@type\":\"ReadAction\",\"target\":[\"https:\/\/www.kaliop.com\/fr\/cloud-souverain-acteurs-publics\/\"]}]},{\"@type\":\"BreadcrumbList\",\"@id\":\"https:\/\/www.kaliop.com\/fr\/cloud-souverain-acteurs-publics\/#breadcrumb\",\"itemListElement\":[{\"@type\":\"ListItem\",\"position\":1,\"name\":\"Home\",\"item\":\"https:\/\/www.kaliop.com\/fr\/\"},{\"@type\":\"ListItem\",\"position\":2,\"name\":\"Cloud Souverain : enjeux strat\u00e9giques pour l&rsquo;ind\u00e9pendance num\u00e9rique des acteurs publics\"}]},{\"@type\":\"WebSite\",\"@id\":\"https:\/\/www.kaliop.com\/fr\/#website\",\"url\":\"https:\/\/www.kaliop.com\/fr\/\",\"name\":\"\",\"description\":\"\",\"potentialAction\":[{\"@type\":\"SearchAction\",\"target\":{\"@type\":\"EntryPoint\",\"urlTemplate\":\"https:\/\/www.kaliop.com\/fr\/?s={search_term_string}\"},\"query-input\":\"required name=search_term_string\"}],\"inLanguage\":\"fr-FR\"},{\"@type\":\"Person\",\"@id\":\"https:\/\/www.kaliop.com\/fr\/#\/schema\/person\/f0ea02dc478fb63d71c75989a331ad05\",\"name\":\"Gr\u00e9goire Bluzat\",\"image\":{\"@type\":\"ImageObject\",\"inLanguage\":\"fr-FR\",\"@id\":\"https:\/\/www.kaliop.com\/fr\/#\/schema\/person\/image\/\",\"url\":\"https:\/\/www.kaliop.com\/app\/uploads\/2024\/11\/greg-150x150.png\",\"contentUrl\":\"https:\/\/www.kaliop.com\/app\/uploads\/2024\/11\/greg-150x150.png\",\"caption\":\"Gr\u00e9goire Bluzat\"},\"description\":\"[fr]Responsable op\u00e9rationnel infrastructure, je pilote et coordonne la mise en \u0153uvre et l'\u00e9volution des plateformes cloud en garantissant leur fiabilit\u00e9, leur performance et leur alignement avec les besoins strat\u00e9giques des clients.[\/fr]\"}]}<\/script>\n<!-- \/ Yoast SEO plugin. -->","yoast_head_json":{"title":"Le Cloud Souverain pour les Acteurs Publics","description":"Le cloud souverain s\u2019av\u00e8re une solution id\u00e9ale pour les acteurs publics. D\u00e9couvrez pourquoi il est adapt\u00e9 aux diff\u00e9rents enjeux de ces professionnels.","robots":{"index":"index","follow":"follow","max-snippet":"max-snippet:-1","max-image-preview":"max-image-preview:large","max-video-preview":"max-video-preview:-1"},"canonical":"https:\/\/www.kaliop.com\/fr\/cloud-souverain-acteurs-publics\/","og_locale":"fr_FR","og_type":"article","og_title":"Le Cloud Souverain pour les Acteurs Publics","og_description":"Le cloud souverain s\u2019av\u00e8re une solution id\u00e9ale pour les acteurs publics. D\u00e9couvrez pourquoi il est adapt\u00e9 aux diff\u00e9rents enjeux de ces professionnels.","og_url":"https:\/\/www.kaliop.com\/fr\/cloud-souverain-acteurs-publics\/","article_published_time":"2025-02-06T08:03:52+00:00","article_modified_time":"2025-02-11T13:34:49+00:00","og_image":[{"width":622,"height":415,"url":"https:\/\/www.kaliop.com\/app\/uploads\/2025\/01\/post-ressource-Cloud-Souverain.jpg","type":"image\/jpeg"}],"author":"Gr\u00e9goire Bluzat","twitter_card":"summary_large_image","twitter_misc":{"Written by":"Gr\u00e9goire Bluzat"},"schema":{"@context":"https:\/\/schema.org","@graph":[{"@type":"WebPage","@id":"https:\/\/www.kaliop.com\/fr\/cloud-souverain-acteurs-publics\/","url":"https:\/\/www.kaliop.com\/fr\/cloud-souverain-acteurs-publics\/","name":"Le Cloud Souverain pour les Acteurs Publics","isPartOf":{"@id":"https:\/\/www.kaliop.com\/fr\/#website"},"datePublished":"2025-02-06T08:03:52+00:00","dateModified":"2025-02-11T13:34:49+00:00","author":{"@id":"https:\/\/www.kaliop.com\/fr\/#\/schema\/person\/f0ea02dc478fb63d71c75989a331ad05"},"description":"Le cloud souverain s\u2019av\u00e8re une solution id\u00e9ale pour les acteurs publics. D\u00e9couvrez pourquoi il est adapt\u00e9 aux diff\u00e9rents enjeux de ces professionnels.","breadcrumb":{"@id":"https:\/\/www.kaliop.com\/fr\/cloud-souverain-acteurs-publics\/#breadcrumb"},"inLanguage":"fr-FR","potentialAction":[{"@type":"ReadAction","target":["https:\/\/www.kaliop.com\/fr\/cloud-souverain-acteurs-publics\/"]}]},{"@type":"BreadcrumbList","@id":"https:\/\/www.kaliop.com\/fr\/cloud-souverain-acteurs-publics\/#breadcrumb","itemListElement":[{"@type":"ListItem","position":1,"name":"Home","item":"https:\/\/www.kaliop.com\/fr\/"},{"@type":"ListItem","position":2,"name":"Cloud Souverain : enjeux strat\u00e9giques pour l&rsquo;ind\u00e9pendance num\u00e9rique des acteurs publics"}]},{"@type":"WebSite","@id":"https:\/\/www.kaliop.com\/fr\/#website","url":"https:\/\/www.kaliop.com\/fr\/","name":"","description":"","potentialAction":[{"@type":"SearchAction","target":{"@type":"EntryPoint","urlTemplate":"https:\/\/www.kaliop.com\/fr\/?s={search_term_string}"},"query-input":"required name=search_term_string"}],"inLanguage":"fr-FR"},{"@type":"Person","@id":"https:\/\/www.kaliop.com\/fr\/#\/schema\/person\/f0ea02dc478fb63d71c75989a331ad05","name":"Gr\u00e9goire Bluzat","image":{"@type":"ImageObject","inLanguage":"fr-FR","@id":"https:\/\/www.kaliop.com\/fr\/#\/schema\/person\/image\/","url":"https:\/\/www.kaliop.com\/app\/uploads\/2024\/11\/greg-150x150.png","contentUrl":"https:\/\/www.kaliop.com\/app\/uploads\/2024\/11\/greg-150x150.png","caption":"Gr\u00e9goire Bluzat"},"description":"[fr]Responsable op\u00e9rationnel infrastructure, je pilote et coordonne la mise en \u0153uvre et l'\u00e9volution des plateformes cloud en garantissant leur fiabilit\u00e9, leur performance et leur alignement avec les besoins strat\u00e9giques des clients.[\/fr]"}]}},"_links":{"self":[{"href":"https:\/\/www.kaliop.com\/fr\/wp-json\/wp\/v2\/posts\/46090"}],"collection":[{"href":"https:\/\/www.kaliop.com\/fr\/wp-json\/wp\/v2\/posts"}],"about":[{"href":"https:\/\/www.kaliop.com\/fr\/wp-json\/wp\/v2\/types\/post"}],"author":[{"embeddable":true,"href":"https:\/\/www.kaliop.com\/fr\/wp-json\/wp\/v2\/users\/136"}],"replies":[{"embeddable":true,"href":"https:\/\/www.kaliop.com\/fr\/wp-json\/wp\/v2\/comments?post=46090"}],"version-history":[{"count":8,"href":"https:\/\/www.kaliop.com\/fr\/wp-json\/wp\/v2\/posts\/46090\/revisions"}],"predecessor-version":[{"id":46160,"href":"https:\/\/www.kaliop.com\/fr\/wp-json\/wp\/v2\/posts\/46090\/revisions\/46160"}],"wp:featuredmedia":[{"embeddable":true,"href":"https:\/\/www.kaliop.com\/fr\/wp-json\/wp\/v2\/media\/46095"}],"wp:attachment":[{"href":"https:\/\/www.kaliop.com\/fr\/wp-json\/wp\/v2\/media?parent=46090"}],"wp:term":[{"taxonomy":"category","embeddable":true,"href":"https:\/\/www.kaliop.com\/fr\/wp-json\/wp\/v2\/categories?post=46090"},{"taxonomy":"post_tag","embeddable":true,"href":"https:\/\/www.kaliop.com\/fr\/wp-json\/wp\/v2\/tags?post=46090"}],"curies":[{"name":"wp","href":"https:\/\/api.w.org\/{rel}","templated":true}]}}